{"id":11944,"date":"2024-08-29T09:14:26","date_gmt":"2024-08-29T14:14:26","guid":{"rendered":"https:\/\/radiosurcolombiana.com\/wp\/?p=11944"},"modified":"2024-08-29T09:14:27","modified_gmt":"2024-08-29T14:14:27","slug":"liverpool-refuerza-su-plantilla-ficha-a-una-estrella-italiana-que-competira-con-luis-diaz","status":"publish","type":"post","link":"https:\/\/radiosurcolombiana.com\/wp\/liverpool-refuerza-su-plantilla-ficha-a-una-estrella-italiana-que-competira-con-luis-diaz\/","title":{"rendered":"Liverpool refuerza su plantilla: ficha a una estrella italiana que competir\u00e1 con Luis D\u00edaz"},"content":{"rendered":"\n<p>Liverpool FC confirm\u00f3 este jueves 29 de agosto su segundo fichaje para la temporada 2024\/2025 con la contrataci\u00f3n del extremo italiano Federico Chiesa. Los &#8216;reds&#8217; desembolsaron aproximadamente 12 millones de euros a la Juventus para hacerse con el futbolista de 26 a\u00f1os.<\/p>\n\n\n\n<p>Chiesa, quien firm\u00f3 un contrato por cuatro a\u00f1os, se une al portero georgiano Giorgi Mamardashvili como las nuevas incorporaciones del equipo desde la llegada del neerland\u00e9s Arne Slot como director t\u00e9cnico. Al llegar a Liverpool, el jugador italiano expres\u00f3 su entusiasmo por unirse al club tras una conversaci\u00f3n con el director deportivo y el entrenador.<\/p>\n\n\n\n<p>&#8220;Estoy muy feliz de ser jugador del Liverpool. Cuando Richard Hughes me llam\u00f3 y me pregunt\u00f3 si quer\u00eda unirme al Liverpool \u2013y el entrenador me llam\u00f3\u2013 dije que s\u00ed de inmediato porque conozco la historia de este club y lo que representa para los aficionados. Estoy muy contento y ansioso por comenzar&#8221;, afirm\u00f3 Chiesa.<\/p>\n\n\n\n<p>La llegada de Federico Chiesa a\u00f1ade una fuerte competencia para el colombiano Luis D\u00edaz, dado que ambos juegan como extremos, especialmente por la banda izquierda.<\/p>\n\n\n\n<p>Chiesa se destac\u00f3 inicialmente en la Fiorentina, donde jug\u00f3 153 partidos y anot\u00f3 34 goles antes de ser fichado por la Juventus. En el equipo de Tur\u00edn, disput\u00f3 131 encuentros.<\/p>\n\n\n\n<p>Adem\u00e1s, el italiano ha sido internacional con su selecci\u00f3n, ganando la Eurocopa 2020 y participando en la Euro 2024, donde sum\u00f3 minutos en cuatro partidos.<\/p>\n\n\n\n<p>Con la incorporaci\u00f3n de Chiesa, el director t\u00e9cnico Arne Slot enfrentar\u00e1 la dif\u00edcil tarea de decidir entre el nuevo fichaje y mantener a Luis D\u00edaz, quien ha sido un titular habitual y ya ha anotado en la temporada 2024\/2025.<\/p>\n\n\n\n<figure class=\"wp-block-image\"><img decoding=\"async\" src=\"https:\/\/radiosurcolombiana.com\/wp\/wp-content\/uploads\/2024\/08\/luis_diaz_con_liverpool._21_de_octubre_de_2023-150x150.jpg\" alt=\"\"\/><\/figure>\n","protected":false},"excerpt":{"rendered":"<p>Liverpool FC confirm\u00f3 este jueves 29 de agosto su segundo fichaje para la temporada 2024\/2025 con la contrataci\u00f3n del extremo italiano Federico Chiesa. Los &#8216;reds&#8217; desembolsaron aproximadamente 12 millones de&hellip; <\/p>\n","protected":false},"author":2,"featured_media":11945,"comment_status":"closed","ping_status":"open","sticky":false,"template":"","format":"standard","meta":{"_joinchat":[],"footnotes":""},"categories":[4],"tags":[],"class_list":["post-11944","post","type-post","status-publish","format-standard","has-post-thumbnail","hentry","category-deportes"],"_links":{"self":[{"href":"https:\/\/radiosurcolombiana.com\/wp\/wp-json\/wp\/v2\/posts\/11944","targetHints":{"allow":["GET"]}}],"collection":[{"href":"https:\/\/radiosurcolombiana.com\/wp\/wp-json\/wp\/v2\/posts"}],"about":[{"href":"https:\/\/radiosurcolombiana.com\/wp\/wp-json\/wp\/v2\/types\/post"}],"author":[{"embeddable":true,"href":"https:\/\/radiosurcolombiana.com\/wp\/wp-json\/wp\/v2\/users\/2"}],"replies":[{"embeddable":true,"href":"https:\/\/radiosurcolombiana.com\/wp\/wp-json\/wp\/v2\/comments?post=11944"}],"version-history":[{"count":1,"href":"https:\/\/radiosurcolombiana.com\/wp\/wp-json\/wp\/v2\/posts\/11944\/revisions"}],"predecessor-version":[{"id":11946,"href":"https:\/\/radiosurcolombiana.com\/wp\/wp-json\/wp\/v2\/posts\/11944\/revisions\/11946"}],"wp:featuredmedia":[{"embeddable":true,"href":"https:\/\/radiosurcolombiana.com\/wp\/wp-json\/wp\/v2\/media\/11945"}],"wp:attachment":[{"href":"https:\/\/radiosurcolombiana.com\/wp\/wp-json\/wp\/v2\/media?parent=11944"}],"wp:term":[{"taxonomy":"category","embeddable":true,"href":"https:\/\/radiosurcolombiana.com\/wp\/wp-json\/wp\/v2\/categories?post=11944"},{"taxonomy":"post_tag","embeddable":true,"href":"https:\/\/radiosurcolombiana.com\/wp\/wp-json\/wp\/v2\/tags?post=11944"}],"curies":[{"name":"wp","href":"https:\/\/api.w.org\/{rel}","templated":true}]}}