{"id":12182,"date":"2024-11-01T18:36:17","date_gmt":"2024-11-01T23:36:17","guid":{"rendered":"https:\/\/radiosurcolombiana.com\/wp\/?p=12182"},"modified":"2024-11-21T15:09:57","modified_gmt":"2024-11-21T20:09:57","slug":"academia-huilense-de-historia-conmemora-el-centenario-del-martirio-de-reynaldo-matiz-trujillo","status":"publish","type":"post","link":"https:\/\/radiosurcolombiana.com\/wp\/academia-huilense-de-historia-conmemora-el-centenario-del-martirio-de-reynaldo-matiz-trujillo\/","title":{"rendered":"Academia Huilense de Historia conmemora el centenario del martirio de Reynaldo Matiz Trujillo"},"content":{"rendered":"\n<p>La Academia Huilense de Historia conmemorar\u00e1 el centenario del martirio de Reynaldo Matiz Trujillo este domingo 3 de noviembre de 2024, en la Biblioteca Departamental Olegario Rivera, Neiva. El evento contar\u00e1 con un conversatorio a las 9:00 am, encabezado por el presidente de la academia, Pedro P. Tinjac\u00e1, e invitados destacados. Posteriormente, a las 11:15 am, se realizar\u00e1 una ofrenda floral en el Cementerio Central en su honor. La actividad ser\u00e1 presencial y transmitida en vivo a trav\u00e9s de redes sociales.<\/p>\n\n\n\n<figure class=\"wp-block-image size-large\"><img loading=\"lazy\" decoding=\"async\" width=\"731\" height=\"1024\" src=\"https:\/\/radiosurcolombiana.com\/wp\/wp-content\/uploads\/2024\/11\/Imagen-de-WhatsApp-2024-11-01-a-las-15.46.23_9e30b352-731x1024.jpg\" alt=\"\" class=\"wp-image-12183\" srcset=\"https:\/\/radiosurcolombiana.com\/wp\/wp-content\/uploads\/2024\/11\/Imagen-de-WhatsApp-2024-11-01-a-las-15.46.23_9e30b352-731x1024.jpg 731w, https:\/\/radiosurcolombiana.com\/wp\/wp-content\/uploads\/2024\/11\/Imagen-de-WhatsApp-2024-11-01-a-las-15.46.23_9e30b352-214x300.jpg 214w, https:\/\/radiosurcolombiana.com\/wp\/wp-content\/uploads\/2024\/11\/Imagen-de-WhatsApp-2024-11-01-a-las-15.46.23_9e30b352-768x1076.jpg 768w, https:\/\/radiosurcolombiana.com\/wp\/wp-content\/uploads\/2024\/11\/Imagen-de-WhatsApp-2024-11-01-a-las-15.46.23_9e30b352.jpg 914w\" sizes=\"auto, (max-width: 731px) 100vw, 731px\" \/><\/figure>\n","protected":false},"excerpt":{"rendered":"<p>La Academia Huilense de Historia conmemorar\u00e1 el centenario del martirio de Reynaldo Matiz Trujillo este domingo 3 de noviembre de 2024, en la Biblioteca Departamental Olegario Rivera, Neiva. El evento&hellip; <\/p>\n","protected":false},"author":2,"featured_media":12184,"comment_status":"closed","ping_status":"open","sticky":false,"template":"","format":"standard","meta":{"_joinchat":[],"footnotes":""},"categories":[132],"tags":[],"class_list":["post-12182","post","type-post","status-publish","format-standard","has-post-thumbnail","hentry","category-cultura"],"_links":{"self":[{"href":"https:\/\/radiosurcolombiana.com\/wp\/wp-json\/wp\/v2\/posts\/12182","targetHints":{"allow":["GET"]}}],"collection":[{"href":"https:\/\/radiosurcolombiana.com\/wp\/wp-json\/wp\/v2\/posts"}],"about":[{"href":"https:\/\/radiosurcolombiana.com\/wp\/wp-json\/wp\/v2\/types\/post"}],"author":[{"embeddable":true,"href":"https:\/\/radiosurcolombiana.com\/wp\/wp-json\/wp\/v2\/users\/2"}],"replies":[{"embeddable":true,"href":"https:\/\/radiosurcolombiana.com\/wp\/wp-json\/wp\/v2\/comments?post=12182"}],"version-history":[{"count":1,"href":"https:\/\/radiosurcolombiana.com\/wp\/wp-json\/wp\/v2\/posts\/12182\/revisions"}],"predecessor-version":[{"id":12185,"href":"https:\/\/radiosurcolombiana.com\/wp\/wp-json\/wp\/v2\/posts\/12182\/revisions\/12185"}],"wp:featuredmedia":[{"embeddable":true,"href":"https:\/\/radiosurcolombiana.com\/wp\/wp-json\/wp\/v2\/media\/12184"}],"wp:attachment":[{"href":"https:\/\/radiosurcolombiana.com\/wp\/wp-json\/wp\/v2\/media?parent=12182"}],"wp:term":[{"taxonomy":"category","embeddable":true,"href":"https:\/\/radiosurcolombiana.com\/wp\/wp-json\/wp\/v2\/categories?post=12182"},{"taxonomy":"post_tag","embeddable":true,"href":"https:\/\/radiosurcolombiana.com\/wp\/wp-json\/wp\/v2\/tags?post=12182"}],"curies":[{"name":"wp","href":"https:\/\/api.w.org\/{rel}","templated":true}]}}