{"id":12201,"date":"2024-11-14T15:31:36","date_gmt":"2024-11-14T20:31:36","guid":{"rendered":"https:\/\/radiosurcolombiana.com\/wp\/?p=12201"},"modified":"2025-01-23T16:18:37","modified_gmt":"2025-01-23T21:18:37","slug":"20-mil-hectareas-de-tierra-para-el-huila","status":"publish","type":"post","link":"https:\/\/radiosurcolombiana.com\/wp\/20-mil-hectareas-de-tierra-para-el-huila\/","title":{"rendered":"20 mil hect\u00e1reas de tierra para el Huila"},"content":{"rendered":"\n<p>El Huila contar\u00e1 con20 mil hect\u00e1reas de tierra para distribuirlas entre campesinos despose\u00eddos, ex guerrilleros, v\u00edctimas de conflicto y firmantes de paz, dentro del proceso que adelanta el gobierno de devolver la tierra a los que necesitan trabajarla.<\/p>\n\n\n\n<p>Ya se han comprado numerosos predios y est\u00e1n en negociaci\u00f3n y an\u00e1lisis otros ofertados, para entrar a formar parte de este plan de adjudicaci\u00f3n que arranc\u00f3 desde el a\u00f1o pasado, y concluir\u00e1 cuando se haya cumplido la meta trazada.<\/p>\n\n\n\n<figure class=\"wp-block-image size-large\"><img loading=\"lazy\" decoding=\"async\" width=\"1024\" height=\"576\" src=\"https:\/\/radiosurcolombiana.com\/wp\/wp-content\/uploads\/2024\/11\/NOTA-2-2-1-1024x576.webp\" alt=\"\" class=\"wp-image-12203\" srcset=\"https:\/\/radiosurcolombiana.com\/wp\/wp-content\/uploads\/2024\/11\/NOTA-2-2-1-1024x576.webp 1024w, https:\/\/radiosurcolombiana.com\/wp\/wp-content\/uploads\/2024\/11\/NOTA-2-2-1-300x169.webp 300w, https:\/\/radiosurcolombiana.com\/wp\/wp-content\/uploads\/2024\/11\/NOTA-2-2-1-768x432.webp 768w, https:\/\/radiosurcolombiana.com\/wp\/wp-content\/uploads\/2024\/11\/NOTA-2-2-1.webp 1280w\" sizes=\"auto, (max-width: 1024px) 100vw, 1024px\" \/><\/figure>\n\n\n\n<p>Ya se han entregado un total de 4 mil hect\u00e1reas a adjudicatarios seleccionados, que est\u00e1n en proceso de titulaci\u00f3n, seg\u00fan la regional de la Agencia de Tierras. Los favorecidos, mientras se adelanta la legalizaci\u00f3n han empezado a trabajar en los predios adjudicados.<\/p>\n\n\n\n<p>Las 20 mil hect\u00e1reas que se parcelar\u00e1n en el Huila, est\u00e1n en negociaci\u00f3n algunas, otras en inscripci\u00f3n para compra, y una buena parte que ya se ha negociado y est\u00e1 lista para la entrega a los beneficiarios, seg\u00fan informa la regional de la agencia de tierras. Estas 20 mil hect\u00e1reas tienen un costo aproximado a los 300 mil millones de pesos.<\/p>\n\n\n\n<p><\/p>\n","protected":false},"excerpt":{"rendered":"<p>El Huila contar\u00e1 con20 mil hect\u00e1reas de tierra para distribuirlas entre campesinos despose\u00eddos, ex guerrilleros, v\u00edctimas de conflicto y firmantes de paz, dentro del proceso que adelanta el gobierno de&hellip; <\/p>\n","protected":false},"author":2,"featured_media":12203,"comment_status":"closed","ping_status":"open","sticky":false,"template":"","format":"standard","meta":{"_joinchat":[],"footnotes":""},"categories":[3],"tags":[],"class_list":["post-12201","post","type-post","status-publish","format-standard","has-post-thumbnail","hentry","category-comunidad"],"_links":{"self":[{"href":"https:\/\/radiosurcolombiana.com\/wp\/wp-json\/wp\/v2\/posts\/12201","targetHints":{"allow":["GET"]}}],"collection":[{"href":"https:\/\/radiosurcolombiana.com\/wp\/wp-json\/wp\/v2\/posts"}],"about":[{"href":"https:\/\/radiosurcolombiana.com\/wp\/wp-json\/wp\/v2\/types\/post"}],"author":[{"embeddable":true,"href":"https:\/\/radiosurcolombiana.com\/wp\/wp-json\/wp\/v2\/users\/2"}],"replies":[{"embeddable":true,"href":"https:\/\/radiosurcolombiana.com\/wp\/wp-json\/wp\/v2\/comments?post=12201"}],"version-history":[{"count":1,"href":"https:\/\/radiosurcolombiana.com\/wp\/wp-json\/wp\/v2\/posts\/12201\/revisions"}],"predecessor-version":[{"id":12204,"href":"https:\/\/radiosurcolombiana.com\/wp\/wp-json\/wp\/v2\/posts\/12201\/revisions\/12204"}],"wp:featuredmedia":[{"embeddable":true,"href":"https:\/\/radiosurcolombiana.com\/wp\/wp-json\/wp\/v2\/media\/12203"}],"wp:attachment":[{"href":"https:\/\/radiosurcolombiana.com\/wp\/wp-json\/wp\/v2\/media?parent=12201"}],"wp:term":[{"taxonomy":"category","embeddable":true,"href":"https:\/\/radiosurcolombiana.com\/wp\/wp-json\/wp\/v2\/categories?post=12201"},{"taxonomy":"post_tag","embeddable":true,"href":"https:\/\/radiosurcolombiana.com\/wp\/wp-json\/wp\/v2\/tags?post=12201"}],"curies":[{"name":"wp","href":"https:\/\/api.w.org\/{rel}","templated":true}]}}