{"id":12236,"date":"2025-01-23T15:12:57","date_gmt":"2025-01-23T20:12:57","guid":{"rendered":"https:\/\/radiosurcolombiana.com\/wp\/?p=12236"},"modified":"2025-02-25T14:32:28","modified_gmt":"2025-02-25T19:32:28","slug":"policia-recupera-21-motocicletas-y-2-vehiculos-hurtados-en-neiva-ya-fueron-devueltos-a-sus-duenos","status":"publish","type":"post","link":"https:\/\/radiosurcolombiana.com\/wp\/policia-recupera-21-motocicletas-y-2-vehiculos-hurtados-en-neiva-ya-fueron-devueltos-a-sus-duenos\/","title":{"rendered":"Polic\u00eda Recupera 21 Motocicletas y 2 Veh\u00edculos Hurtados en Neiva: Ya Fueron Devueltos a Sus Due\u00f1os"},"content":{"rendered":"\n<p>La polic\u00eda recuper\u00f3 21 motocicletas y 2 veh\u00edculos hurtados que ya fueron devueltos a sus due\u00f1os. Estos resultados se lograron durante los primeros 22 d\u00edas del mes de enero del presente a\u00f1o, gracias a acciones permanentes en Neiva y en todo el departamento .Los operativos para la recuperaci\u00f3n de estos veh\u00edculos y motocicletas se adelantaron en parqueaderos, bah\u00edas y bodegas donde eran ocultados por los delincuentes. Uno de los ciudadanos beneficiados con la recuperaci\u00f3n de su moto cont\u00f3 c\u00f3mo se produjo\u00a0el\u00a0robo.<\/p>\n\n\n\n<figure class=\"wp-block-embed is-type-video is-provider-youtube wp-block-embed-youtube wp-embed-aspect-16-9 wp-has-aspect-ratio\"><div class=\"wp-block-embed__wrapper\">\n<iframe loading=\"lazy\" title=\"MA\u00d1ANAS 1060\" width=\"1110\" height=\"624\" src=\"https:\/\/www.youtube.com\/embed\/ZaD3m4xpN-g?start=3221&#038;feature=oembed\" frameborder=\"0\" allow=\"accelerometer; autoplay; clipboard-write; encrypted-media; gyroscope; picture-in-picture; web-share\" referrerpolicy=\"strict-origin-when-cross-origin\" allowfullscreen><\/iframe>\n<\/div><\/figure>\n","protected":false},"excerpt":{"rendered":"<p>La polic\u00eda recuper\u00f3 21 motocicletas y 2 veh\u00edculos hurtados que ya fueron devueltos a sus due\u00f1os. Estos resultados se lograron durante los primeros 22 d\u00edas del mes de enero del&hellip; <\/p>\n","protected":false},"author":2,"featured_media":12237,"comment_status":"closed","ping_status":"open","sticky":false,"template":"","format":"standard","meta":{"_joinchat":[],"footnotes":""},"categories":[41,18],"tags":[],"class_list":["post-12236","post","type-post","status-publish","format-standard","has-post-thumbnail","hentry","category-judicial","category-ciudad"],"_links":{"self":[{"href":"https:\/\/radiosurcolombiana.com\/wp\/wp-json\/wp\/v2\/posts\/12236","targetHints":{"allow":["GET"]}}],"collection":[{"href":"https:\/\/radiosurcolombiana.com\/wp\/wp-json\/wp\/v2\/posts"}],"about":[{"href":"https:\/\/radiosurcolombiana.com\/wp\/wp-json\/wp\/v2\/types\/post"}],"author":[{"embeddable":true,"href":"https:\/\/radiosurcolombiana.com\/wp\/wp-json\/wp\/v2\/users\/2"}],"replies":[{"embeddable":true,"href":"https:\/\/radiosurcolombiana.com\/wp\/wp-json\/wp\/v2\/comments?post=12236"}],"version-history":[{"count":1,"href":"https:\/\/radiosurcolombiana.com\/wp\/wp-json\/wp\/v2\/posts\/12236\/revisions"}],"predecessor-version":[{"id":12238,"href":"https:\/\/radiosurcolombiana.com\/wp\/wp-json\/wp\/v2\/posts\/12236\/revisions\/12238"}],"wp:featuredmedia":[{"embeddable":true,"href":"https:\/\/radiosurcolombiana.com\/wp\/wp-json\/wp\/v2\/media\/12237"}],"wp:attachment":[{"href":"https:\/\/radiosurcolombiana.com\/wp\/wp-json\/wp\/v2\/media?parent=12236"}],"wp:term":[{"taxonomy":"category","embeddable":true,"href":"https:\/\/radiosurcolombiana.com\/wp\/wp-json\/wp\/v2\/categories?post=12236"},{"taxonomy":"post_tag","embeddable":true,"href":"https:\/\/radiosurcolombiana.com\/wp\/wp-json\/wp\/v2\/tags?post=12236"}],"curies":[{"name":"wp","href":"https:\/\/api.w.org\/{rel}","templated":true}]}}