{"id":12866,"date":"2025-06-14T10:00:04","date_gmt":"2025-06-14T15:00:04","guid":{"rendered":"https:\/\/radiosurcolombiana.com\/wp\/?p=12866"},"modified":"2025-07-28T19:40:35","modified_gmt":"2025-07-29T00:40:35","slug":"%f0%9f%9a%a8-enfrentamiento-en-zona-rural-de-gigante-deja-un-civil-muerto-y-cuatro-heridos-entre-ellos-dos-policias","status":"publish","type":"post","link":"https:\/\/radiosurcolombiana.com\/wp\/%f0%9f%9a%a8-enfrentamiento-en-zona-rural-de-gigante-deja-un-civil-muerto-y-cuatro-heridos-entre-ellos-dos-policias\/","title":{"rendered":"\ud83d\udea8 Enfrentamiento en zona rural de Gigante deja un civil muerto y cuatro heridos, entre ellos dos polic\u00edas"},"content":{"rendered":"\n<p><strong>Gigante, Huila \u2013 junio de 2025.<\/strong> Un civil muerto, otro herido y dos polic\u00edas lesionados fue el saldo de una operaci\u00f3n adelantada por unidades de la Polic\u00eda Nacional en zona rural del municipio de Gigante, espec\u00edficamente en la v\u00eda que conduce hacia la vereda Silvania.<\/p>\n\n\n\n<p>Los hechos ocurrieron el pasado fin de semana, cuando los uniformados proced\u00edan a verificar la procedencia de un veh\u00edculo que hab\u00eda sido reportado como sospechoso. Al momento de realizar la inspecci\u00f3n, fueron recibidos con disparos, desencadenando un enfrentamiento armado.<\/p>\n\n\n\n<p>Tanto los dos agentes heridos como uno de los presuntos delincuentes fueron trasladados a un centro asistencial, donde reciben atenci\u00f3n m\u00e9dica y se recuperan de sus lesiones.<\/p>\n\n\n\n<p>Hasta el momento, las autoridades no han confirmado si los responsables del ataque pertenecen a organizaciones delincuenciales dedicadas al tr\u00e1fico de estupefacientes o si se trata de integrantes de grupos disidentes armados que hacen presencia en esta zona del Huila.<\/p>\n\n\n\n<p>El <strong>teniente coronel Carlos Harvey Sierra<\/strong>, comandante encargado de la Polic\u00eda del Huila, se pronunci\u00f3 sobre el operativo y entreg\u00f3 detalles preliminares del caso.<\/p>\n\n\n\n<figure class=\"wp-block-embed is-type-video is-provider-youtube wp-block-embed-youtube wp-embed-aspect-16-9 wp-has-aspect-ratio\"><div class=\"wp-block-embed__wrapper\">\n<iframe loading=\"lazy\" title=\"MA\u00d1ANAS 1060\" width=\"1110\" height=\"624\" src=\"https:\/\/www.youtube.com\/embed\/h-PUpyeR5RA?start=915&#038;feature=oembed\" frameborder=\"0\" allow=\"accelerometer; autoplay; clipboard-write; encrypted-media; gyroscope; picture-in-picture; web-share\" referrerpolicy=\"strict-origin-when-cross-origin\" allowfullscreen><\/iframe>\n<\/div><\/figure>\n\n\n\n<p>La Polic\u00eda contin\u00faa con las investigaciones para esclarecer los hechos, determinar la identidad de los involucrados y establecer si existe relaci\u00f3n con estructuras criminales activas en el centro y sur del departamento.<\/p>\n","protected":false},"excerpt":{"rendered":"<p>Gigante, Huila \u2013 junio de 2025. Un civil muerto, otro herido y dos polic\u00edas lesionados fue el saldo de una operaci\u00f3n adelantada por unidades de la Polic\u00eda Nacional en zona&hellip; <\/p>\n","protected":false},"author":2,"featured_media":12867,"comment_status":"closed","ping_status":"open","sticky":false,"template":"","format":"standard","meta":{"_joinchat":[],"footnotes":""},"categories":[41,1],"tags":[],"class_list":["post-12866","post","type-post","status-publish","format-standard","has-post-thumbnail","hentry","category-judicial","category-politica"],"_links":{"self":[{"href":"https:\/\/radiosurcolombiana.com\/wp\/wp-json\/wp\/v2\/posts\/12866","targetHints":{"allow":["GET"]}}],"collection":[{"href":"https:\/\/radiosurcolombiana.com\/wp\/wp-json\/wp\/v2\/posts"}],"about":[{"href":"https:\/\/radiosurcolombiana.com\/wp\/wp-json\/wp\/v2\/types\/post"}],"author":[{"embeddable":true,"href":"https:\/\/radiosurcolombiana.com\/wp\/wp-json\/wp\/v2\/users\/2"}],"replies":[{"embeddable":true,"href":"https:\/\/radiosurcolombiana.com\/wp\/wp-json\/wp\/v2\/comments?post=12866"}],"version-history":[{"count":1,"href":"https:\/\/radiosurcolombiana.com\/wp\/wp-json\/wp\/v2\/posts\/12866\/revisions"}],"predecessor-version":[{"id":12868,"href":"https:\/\/radiosurcolombiana.com\/wp\/wp-json\/wp\/v2\/posts\/12866\/revisions\/12868"}],"wp:featuredmedia":[{"embeddable":true,"href":"https:\/\/radiosurcolombiana.com\/wp\/wp-json\/wp\/v2\/media\/12867"}],"wp:attachment":[{"href":"https:\/\/radiosurcolombiana.com\/wp\/wp-json\/wp\/v2\/media?parent=12866"}],"wp:term":[{"taxonomy":"category","embeddable":true,"href":"https:\/\/radiosurcolombiana.com\/wp\/wp-json\/wp\/v2\/categories?post=12866"},{"taxonomy":"post_tag","embeddable":true,"href":"https:\/\/radiosurcolombiana.com\/wp\/wp-json\/wp\/v2\/tags?post=12866"}],"curies":[{"name":"wp","href":"https:\/\/api.w.org\/{rel}","templated":true}]}}