{"id":13314,"date":"2025-08-21T07:10:00","date_gmt":"2025-08-21T12:10:00","guid":{"rendered":"https:\/\/radiosurcolombiana.com\/wp\/?p=13314"},"modified":"2025-08-25T12:20:58","modified_gmt":"2025-08-25T17:20:58","slug":"el-piano-resuena-en-el-corazon-del-huila","status":"publish","type":"post","link":"https:\/\/radiosurcolombiana.com\/wp\/el-piano-resuena-en-el-corazon-del-huila\/","title":{"rendered":"El Piano resuena en el coraz\u00f3n del Huila"},"content":{"rendered":"\n<figure class=\"wp-block-image size-large\"><img loading=\"lazy\" decoding=\"async\" width=\"1024\" height=\"1024\" src=\"https:\/\/radiosurcolombiana.com\/wp\/wp-content\/uploads\/2025\/08\/Imagen-de-WhatsApp-2025-08-21-a-las-06.01.41_38c99c62-1024x1024.jpg\" alt=\"\" class=\"wp-image-13315\" srcset=\"https:\/\/radiosurcolombiana.com\/wp\/wp-content\/uploads\/2025\/08\/Imagen-de-WhatsApp-2025-08-21-a-las-06.01.41_38c99c62-1024x1024.jpg 1024w, https:\/\/radiosurcolombiana.com\/wp\/wp-content\/uploads\/2025\/08\/Imagen-de-WhatsApp-2025-08-21-a-las-06.01.41_38c99c62-300x300.jpg 300w, https:\/\/radiosurcolombiana.com\/wp\/wp-content\/uploads\/2025\/08\/Imagen-de-WhatsApp-2025-08-21-a-las-06.01.41_38c99c62-150x150.jpg 150w, https:\/\/radiosurcolombiana.com\/wp\/wp-content\/uploads\/2025\/08\/Imagen-de-WhatsApp-2025-08-21-a-las-06.01.41_38c99c62-768x768.jpg 768w, https:\/\/radiosurcolombiana.com\/wp\/wp-content\/uploads\/2025\/08\/Imagen-de-WhatsApp-2025-08-21-a-las-06.01.41_38c99c62.jpg 1080w\" sizes=\"auto, (max-width: 1024px) 100vw, 1024px\" \/><\/figure>\n\n\n\n<p>Neiva vuelve a vibrar con la magia de las teclas en el <strong>IV Festival de Piano<\/strong>, un encuentro cultural que, del <strong>21 al 23 de agosto<\/strong>, abre las puertas a la sensibilidad musical y al talento art\u00edstico, con el respaldo de la <strong>Gobernaci\u00f3n del Huila<\/strong>, la <strong>Secretar\u00eda de Cultura<\/strong> y el <strong>Conservatorio Departamental de M\u00fasica y Canto del Huila<\/strong>.<\/p>\n\n\n\n<p>El festival, que ya se consolida como una cita imprescindible para los amantes de la m\u00fasica acad\u00e9mica, re\u00fane en esta ocasi\u00f3n a tres destacados pianistas: <strong>Juan Daniel Alzate, Cristian Daniel Ariza y Andr\u00e9s Felipe Ovalle<\/strong>, artistas que con su virtuosismo prometen deleitar al p\u00fablico con un repertorio diverso y lleno de matices. Cada interpretaci\u00f3n ser\u00e1 un viaje sonoro que rescata la fuerza del piano como instrumento universal, capaz de conmover y trascender fronteras.<\/p>\n\n\n\n<p>Adem\u00e1s, el evento contar\u00e1 con la presencia del <strong>luthier Leonardo Forero<\/strong>, un invitado especial que aportar\u00e1 una visi\u00f3n diferente pero complementaria: la del arte de construir y preservar los instrumentos que dan vida a la m\u00fasica. Su participaci\u00f3n pone de relieve la importancia de valorar no solo al int\u00e9rprete, sino tambi\u00e9n al artesano que hace posible la perfecci\u00f3n del sonido.<\/p>\n\n\n\n<p>Con <strong>entrada libre<\/strong>, el festival se convierte en un espacio democr\u00e1tico, pensado para todos: estudiantes, mel\u00f3manos, familias y cualquier persona que desee acercarse al universo del piano. Es, en esencia, una invitaci\u00f3n a redescubrir la m\u00fasica como bien com\u00fan y a fortalecer la identidad cultural del Huila a trav\u00e9s de iniciativas que promueven el arte y el talento local y nacional.<\/p>\n\n\n\n<p>El piano, con su elegancia y su poder expresivo, volver\u00e1 a ser protagonista de tres d\u00edas inolvidables. El festival no solo celebra la m\u00fasica, sino que reafirma que en el Huila la cultura sigue teniendo voz propia y un p\u00fablico dispuesto a escucharla.<\/p>\n","protected":false},"excerpt":{"rendered":"<p>Neiva vuelve a vibrar con la magia de las teclas en el IV Festival de Piano, un encuentro cultural que, del 21 al 23 de agosto, abre las puertas a&hellip; <\/p>\n","protected":false},"author":2,"featured_media":13315,"comment_status":"closed","ping_status":"open","sticky":false,"template":"","format":"standard","meta":{"_joinchat":[],"footnotes":""},"categories":[136],"tags":[],"class_list":["post-13314","post","type-post","status-publish","format-standard","has-post-thumbnail","hentry","category-que-hacer-en-neiva"],"_links":{"self":[{"href":"https:\/\/radiosurcolombiana.com\/wp\/wp-json\/wp\/v2\/posts\/13314","targetHints":{"allow":["GET"]}}],"collection":[{"href":"https:\/\/radiosurcolombiana.com\/wp\/wp-json\/wp\/v2\/posts"}],"about":[{"href":"https:\/\/radiosurcolombiana.com\/wp\/wp-json\/wp\/v2\/types\/post"}],"author":[{"embeddable":true,"href":"https:\/\/radiosurcolombiana.com\/wp\/wp-json\/wp\/v2\/users\/2"}],"replies":[{"embeddable":true,"href":"https:\/\/radiosurcolombiana.com\/wp\/wp-json\/wp\/v2\/comments?post=13314"}],"version-history":[{"count":1,"href":"https:\/\/radiosurcolombiana.com\/wp\/wp-json\/wp\/v2\/posts\/13314\/revisions"}],"predecessor-version":[{"id":13316,"href":"https:\/\/radiosurcolombiana.com\/wp\/wp-json\/wp\/v2\/posts\/13314\/revisions\/13316"}],"wp:featuredmedia":[{"embeddable":true,"href":"https:\/\/radiosurcolombiana.com\/wp\/wp-json\/wp\/v2\/media\/13315"}],"wp:attachment":[{"href":"https:\/\/radiosurcolombiana.com\/wp\/wp-json\/wp\/v2\/media?parent=13314"}],"wp:term":[{"taxonomy":"category","embeddable":true,"href":"https:\/\/radiosurcolombiana.com\/wp\/wp-json\/wp\/v2\/categories?post=13314"},{"taxonomy":"post_tag","embeddable":true,"href":"https:\/\/radiosurcolombiana.com\/wp\/wp-json\/wp\/v2\/tags?post=13314"}],"curies":[{"name":"wp","href":"https:\/\/api.w.org\/{rel}","templated":true}]}}