{"id":1390,"date":"2023-04-25T09:53:38","date_gmt":"2023-04-25T14:53:38","guid":{"rendered":"https:\/\/radiosurcolombiana.com\/wp\/?p=1390"},"modified":"2023-04-26T09:05:54","modified_gmt":"2023-04-26T14:05:54","slug":"herido-trabajador-de-ciudad-limpia-en-rivera-por-accidente-de-transito","status":"publish","type":"post","link":"https:\/\/radiosurcolombiana.com\/wp\/herido-trabajador-de-ciudad-limpia-en-rivera-por-accidente-de-transito\/","title":{"rendered":"Herido trabajador de Ciudad Limpia en Rivera por accidente de tr\u00e1nsito"},"content":{"rendered":"\n<p><em>El d\u00eda s\u00e1bado 22 de abril del 2023, en el municipio de Rivera en el departamento del Huila, se present\u00f3 un accidente de tr\u00e1nsito, en el que est\u00e1 involucrado un trabajador de ciudad limpia.<\/em><\/p>\n\n\n\n<figure class=\"wp-block-image size-full is-resized\"><img loading=\"lazy\" decoding=\"async\" src=\"https:\/\/radiosurcolombiana.com\/wp\/wp-content\/uploads\/2023\/04\/ciudad-limpia.jpg\" alt=\"\" class=\"wp-image-1392\" width=\"639\" height=\"482\" srcset=\"https:\/\/radiosurcolombiana.com\/wp\/wp-content\/uploads\/2023\/04\/ciudad-limpia.jpg 492w, https:\/\/radiosurcolombiana.com\/wp\/wp-content\/uploads\/2023\/04\/ciudad-limpia-300x226.jpg 300w\" sizes=\"auto, (max-width: 639px) 100vw, 639px\" \/><figcaption class=\"wp-element-caption\"><em>Imagen tomada de Ciudad Limpia<\/em><\/figcaption><\/figure>\n\n\n\n<p>El s\u00e1bado 22 de abril en horas de la noche, en el municipio de Rivera, mientras trabajadores de Ciudad Limpia se encontraban adelantando las labores de recolecci\u00f3n de basura en la v\u00eda Rivera la Ulloa, al parecer, un motociclista con aparente exceso de velocidad choc\u00f3 contra uno de los ayudantes de recolecci\u00f3n, conocido como Edwin Puentes, quedando este \u00faltimo gravemente herido.<\/p>\n\n\n\n<p>Hablamos con el Gerente de Ciudad Limpia, Luis Alberto Huguett, el cual nos comentar\u00e1 m\u00e1s sobre el caso y el respectivo procedimiento que siguieron en medio de toda la situaci\u00f3n.<\/p>\n\n\n\n<figure class=\"wp-block-video\"><video height=\"1080\" style=\"aspect-ratio: 1920 \/ 1080;\" width=\"1920\" controls src=\"https:\/\/radiosurcolombiana.com\/wp\/wp-content\/uploads\/2023\/04\/ceremonia-PAU2-1.mp4\"><\/video><\/figure>\n\n\n\n<p>Finalmente nos comenta, que el domingo 23 de abril, se le realiz\u00f3 la cirug\u00eda al joven trabajador, en el que seg\u00fan el gerente de ciudad limpia, despu\u00e9s de hablar con el sobre las 7:00 pm, lo vio con un buen estado de \u00e1nimo. Est\u00e1n a la espera del resultado el cual dir\u00e1 si tiene lesiones en la cadera.<\/p>\n","protected":false},"excerpt":{"rendered":"<p>El d\u00eda s\u00e1bado 22 de abril del 2023, en el municipio de Rivera en el departamento del Huila, se present\u00f3 un accidente de tr\u00e1nsito, en el que est\u00e1 involucrado un&hellip; <\/p>\n","protected":false},"author":2,"featured_media":1392,"comment_status":"closed","ping_status":"open","sticky":false,"template":"","format":"standard","meta":{"_joinchat":[],"footnotes":""},"categories":[18],"tags":[8,12,11],"class_list":["post-1390","post","type-post","status-publish","format-standard","has-post-thumbnail","hentry","category-ciudad","tag-huila","tag-neiva","tag-radio"],"_links":{"self":[{"href":"https:\/\/radiosurcolombiana.com\/wp\/wp-json\/wp\/v2\/posts\/1390","targetHints":{"allow":["GET"]}}],"collection":[{"href":"https:\/\/radiosurcolombiana.com\/wp\/wp-json\/wp\/v2\/posts"}],"about":[{"href":"https:\/\/radiosurcolombiana.com\/wp\/wp-json\/wp\/v2\/types\/post"}],"author":[{"embeddable":true,"href":"https:\/\/radiosurcolombiana.com\/wp\/wp-json\/wp\/v2\/users\/2"}],"replies":[{"embeddable":true,"href":"https:\/\/radiosurcolombiana.com\/wp\/wp-json\/wp\/v2\/comments?post=1390"}],"version-history":[{"count":1,"href":"https:\/\/radiosurcolombiana.com\/wp\/wp-json\/wp\/v2\/posts\/1390\/revisions"}],"predecessor-version":[{"id":1394,"href":"https:\/\/radiosurcolombiana.com\/wp\/wp-json\/wp\/v2\/posts\/1390\/revisions\/1394"}],"wp:featuredmedia":[{"embeddable":true,"href":"https:\/\/radiosurcolombiana.com\/wp\/wp-json\/wp\/v2\/media\/1392"}],"wp:attachment":[{"href":"https:\/\/radiosurcolombiana.com\/wp\/wp-json\/wp\/v2\/media?parent=1390"}],"wp:term":[{"taxonomy":"category","embeddable":true,"href":"https:\/\/radiosurcolombiana.com\/wp\/wp-json\/wp\/v2\/categories?post=1390"},{"taxonomy":"post_tag","embeddable":true,"href":"https:\/\/radiosurcolombiana.com\/wp\/wp-json\/wp\/v2\/tags?post=1390"}],"curies":[{"name":"wp","href":"https:\/\/api.w.org\/{rel}","templated":true}]}}