{"id":1515,"date":"2023-05-03T11:16:35","date_gmt":"2023-05-03T16:16:35","guid":{"rendered":"https:\/\/radiosurcolombiana.com\/wp\/?p=1515"},"modified":"2023-05-04T08:25:19","modified_gmt":"2023-05-04T13:25:19","slug":"este-jueves-el-huila-abre-sus-puertas-al-mundo-con-la-feria-internacional-acuicola","status":"publish","type":"post","link":"https:\/\/radiosurcolombiana.com\/wp\/este-jueves-el-huila-abre-sus-puertas-al-mundo-con-la-feria-internacional-acuicola\/","title":{"rendered":"Este jueves el Huila abre sus puertas al mundo con la Feria Internacional Acu\u00edcola"},"content":{"rendered":"\n<p><em>Con la presencia de 9 pa\u00edses de de Am\u00e9rica Latina y Europa, el Huila ser\u00e1 epicentro de la acuicultura mundial, donde se desarrollar\u00e1 una completa agenda acad\u00e9mica, muestra empresarial, rueda de negocios, y una muestra cultural y gastron\u00f3mica con lo mejor de la cultura peruana.<\/em><\/p>\n\n\n\n<figure class=\"wp-block-image size-full is-resized\"><img loading=\"lazy\" decoding=\"async\" src=\"https:\/\/radiosurcolombiana.com\/wp\/wp-content\/uploads\/2023\/05\/panorama-acuicola-1-scaled.webp\" alt=\"\" class=\"wp-image-1517\" width=\"555\" height=\"369\" srcset=\"https:\/\/radiosurcolombiana.com\/wp\/wp-content\/uploads\/2023\/05\/panorama-acuicola-1-scaled.webp 2560w, https:\/\/radiosurcolombiana.com\/wp\/wp-content\/uploads\/2023\/05\/panorama-acuicola-1-300x199.webp 300w, https:\/\/radiosurcolombiana.com\/wp\/wp-content\/uploads\/2023\/05\/panorama-acuicola-1-1024x681.webp 1024w, https:\/\/radiosurcolombiana.com\/wp\/wp-content\/uploads\/2023\/05\/panorama-acuicola-1-768x511.webp 768w, https:\/\/radiosurcolombiana.com\/wp\/wp-content\/uploads\/2023\/05\/panorama-acuicola-1-1536x1021.webp 1536w, https:\/\/radiosurcolombiana.com\/wp\/wp-content\/uploads\/2023\/05\/panorama-acuicola-1-2048x1362.webp 2048w\" sizes=\"auto, (max-width: 555px) 100vw, 555px\" \/><figcaption class=\"wp-element-caption\"><em>Imagen tomada de Panorama Acu\u00edcola<\/em><\/figcaption><\/figure>\n\n\n\n<p>Actualmente el Huila es el primer productor pisc\u00edcola del pa\u00eds, pues de acuerdo a cifras reveladas por el Ministerio de Agricultura, este departamento alcanz\u00f3 en 2022 un volumen de producci\u00f3n de 78.527 toneladas de pescado, que representan el 39% de la producci\u00f3n nacional.<\/p>\n\n\n\n<p>Pero el Huila puede seguir creciendo en este rengl\u00f3n productivo, debido a las grandes oportunidades que se abren en el mercado estadounidense, que busca desligarse de China como pa\u00eds abastecedor de productos acu\u00edcolas, y las condiciones especiales de clima, suelos, calidad del agua, entre otros factores, que hacen de este un departamento privilegiado para el desarrollo de la piscicultura.<\/p>\n\n\n\n<p>Por esto el gobernador Luis Enrique Duss\u00e1n L\u00f3pez, viene impulsando varios proyectos para fortalecer este sector, entre ellos la Feria Internacional Acu\u00edcola, que este a\u00f1o llega a su segunda versi\u00f3n, como una estrategia para catapultar esta apuesta productiva, que le aporta una gran din\u00e1mica socioecon\u00f3mica al Huila, tanto por la generaci\u00f3n de divisas, como por la creaci\u00f3n y oferta de puestos de trabajo directos e indirectos.<\/p>\n\n\n\n<p>Este a\u00f1o se esperan superar las metas alcanzadas en 2022, cuando se logr\u00f3 una participaci\u00f3n de 7 pa\u00edses, m\u00e1s de 12 departamentos, y una afluencia de m\u00e1s de 3.000 visitantes en cada uno de los eventos en torno a la feria, sumado a los acuerdos comerciales por m\u00e1s de $8.000 millones entre cada uno de los actores de la cadena.<\/p>\n\n\n\n<p>La feria sigue creciendo y fortaleci\u00e9ndose, muestra de ello es que este a\u00f1o han confirmado su presencia Francia, Holanda, Italia, Brasil, Chile, Ecuador, M\u00e9xico, Guatemala, y Per\u00fa como pa\u00eds invitado, que permitir\u00e1 a los asistentes disfrutar de las mejores muestras culturales, y un gran derroche de su cocina reconocida mundialmente.<\/p>\n\n\n\n<p>Despu\u00e9s de varios meses de preparaci\u00f3n, el momento ha llegado y este jueves a partir de las 8:00 de la ma\u00f1ana el Centro de Convenciones Jos\u00e9 Eustasio Rivera, y el Recinto Ferial La Vor\u00e1gine, abren sus puertas al p\u00fablico, para mostrar a trav\u00e9s de los 3 componentes definidos (acad\u00e9mico, comercial, muestra gastron\u00f3mica) todo el trabajo desarrollado por los piscicultores del Huila, de la mano de la institucionalidad, para hacer del Huila un potencia pisc\u00edcola, como lo explica Edison Javier Henao Palacios, Secretario T\u00e9cnico de la Cadena Pisc\u00edcola del departamento.<\/p>\n\n\n\n<figure class=\"wp-block-video\"><video controls src=\"blob:https:\/\/radiosurcolombiana.com\/88ce35ed-3887-481f-885c-c3cc83ad60de\"><\/video><\/figure>\n","protected":false},"excerpt":{"rendered":"<p>Con la presencia de 9 pa\u00edses de de Am\u00e9rica Latina y Europa, el Huila ser\u00e1 epicentro de la acuicultura mundial, donde se desarrollar\u00e1 una completa agenda acad\u00e9mica, muestra empresarial, rueda&hellip; <\/p>\n","protected":false},"author":2,"featured_media":1516,"comment_status":"closed","ping_status":"open","sticky":false,"template":"","format":"standard","meta":{"_joinchat":[],"footnotes":""},"categories":[18],"tags":[8,12,11],"class_list":["post-1515","post","type-post","status-publish","format-standard","has-post-thumbnail","hentry","category-ciudad","tag-huila","tag-neiva","tag-radio"],"_links":{"self":[{"href":"https:\/\/radiosurcolombiana.com\/wp\/wp-json\/wp\/v2\/posts\/1515","targetHints":{"allow":["GET"]}}],"collection":[{"href":"https:\/\/radiosurcolombiana.com\/wp\/wp-json\/wp\/v2\/posts"}],"about":[{"href":"https:\/\/radiosurcolombiana.com\/wp\/wp-json\/wp\/v2\/types\/post"}],"author":[{"embeddable":true,"href":"https:\/\/radiosurcolombiana.com\/wp\/wp-json\/wp\/v2\/users\/2"}],"replies":[{"embeddable":true,"href":"https:\/\/radiosurcolombiana.com\/wp\/wp-json\/wp\/v2\/comments?post=1515"}],"version-history":[{"count":3,"href":"https:\/\/radiosurcolombiana.com\/wp\/wp-json\/wp\/v2\/posts\/1515\/revisions"}],"predecessor-version":[{"id":1530,"href":"https:\/\/radiosurcolombiana.com\/wp\/wp-json\/wp\/v2\/posts\/1515\/revisions\/1530"}],"wp:featuredmedia":[{"embeddable":true,"href":"https:\/\/radiosurcolombiana.com\/wp\/wp-json\/wp\/v2\/media\/1516"}],"wp:attachment":[{"href":"https:\/\/radiosurcolombiana.com\/wp\/wp-json\/wp\/v2\/media?parent=1515"}],"wp:term":[{"taxonomy":"category","embeddable":true,"href":"https:\/\/radiosurcolombiana.com\/wp\/wp-json\/wp\/v2\/categories?post=1515"},{"taxonomy":"post_tag","embeddable":true,"href":"https:\/\/radiosurcolombiana.com\/wp\/wp-json\/wp\/v2\/tags?post=1515"}],"curies":[{"name":"wp","href":"https:\/\/api.w.org\/{rel}","templated":true}]}}