{"id":1554,"date":"2023-05-04T09:36:05","date_gmt":"2023-05-04T14:36:05","guid":{"rendered":"https:\/\/radiosurcolombiana.com\/wp\/?p=1554"},"modified":"2023-05-05T10:33:19","modified_gmt":"2023-05-05T15:33:19","slug":"expectativas-en-el-sector-agropecuario-en-el-huila","status":"publish","type":"post","link":"https:\/\/radiosurcolombiana.com\/wp\/expectativas-en-el-sector-agropecuario-en-el-huila\/","title":{"rendered":"Expectativas en el sector agropecuario en el Huila"},"content":{"rendered":"\n<p><em>El Huila se encuentra en expectativas con referencia a las diferentes actividades en el sector agropecuario, especialmente con la feria acu\u00edcola en donde se esperan 15.000 visitantes y m\u00e1s de 10 mil millones de pesos en ventas. <\/em><\/p>\n\n\n\n<figure class=\"wp-block-image size-full\"><img loading=\"lazy\" decoding=\"async\" width=\"1000\" height=\"668\" src=\"https:\/\/radiosurcolombiana.com\/wp\/wp-content\/uploads\/2023\/05\/universidad-de-narino.jpg\" alt=\"\" class=\"wp-image-1559\" srcset=\"https:\/\/radiosurcolombiana.com\/wp\/wp-content\/uploads\/2023\/05\/universidad-de-narino.jpg 1000w, https:\/\/radiosurcolombiana.com\/wp\/wp-content\/uploads\/2023\/05\/universidad-de-narino-300x200.jpg 300w, https:\/\/radiosurcolombiana.com\/wp\/wp-content\/uploads\/2023\/05\/universidad-de-narino-768x513.jpg 768w\" sizes=\"auto, (max-width: 1000px) 100vw, 1000px\" \/><figcaption class=\"wp-element-caption\"><em>Imagen tomada de la Universidad de Nari\u00f1o<\/em><\/figcaption><\/figure>\n\n\n\n<p>La segunda feria internacional acu\u00edcola, contar\u00e1 con la participaci\u00f3n de diferentes pa\u00edses productores, como M\u00e9xico, Francia entre otros como el Per\u00fa, el cual llega con toda la muestra gastron\u00f3mica de su pa\u00eds. <\/p>\n\n\n\n<p>Esta Feria se realizar\u00e1 a partir de hoy 04 de Mayo, y va hasta el pr\u00f3ximo 06 de Mayo en la ciudad de Neiva, la cual genera muchas expectativas y oportunidades para este sector, por esta raz\u00f3n, escucharemos al Secretario de agricultura y miner\u00eda del Huila, Dilberto Trujillo.<\/p>\n\n\n\n<figure class=\"wp-block-video\"><video height=\"1080\" style=\"aspect-ratio: 1920 \/ 1080;\" width=\"1920\" controls src=\"https:\/\/radiosurcolombiana.com\/wp\/wp-content\/uploads\/2023\/05\/FERIAACUICOLA.mp4\"><\/video><\/figure>\n\n\n\n<p>Es as\u00ed, que con esta feria acu\u00edcola, los grandes y peque\u00f1os productores, esperan que les ayude en las ventas de sus productos y as\u00ed generar mayores ingresos y reconocimiento en el sector acu\u00edcola.<\/p>\n","protected":false},"excerpt":{"rendered":"<p>El Huila se encuentra en expectativas con referencia a las diferentes actividades en el sector agropecuario, especialmente con la feria acu\u00edcola en donde se esperan 15.000 visitantes y m\u00e1s de&hellip; <\/p>\n","protected":false},"author":2,"featured_media":1559,"comment_status":"closed","ping_status":"open","sticky":false,"template":"","format":"standard","meta":{"_joinchat":[],"footnotes":""},"categories":[18],"tags":[8,12,11],"class_list":["post-1554","post","type-post","status-publish","format-standard","has-post-thumbnail","hentry","category-ciudad","tag-huila","tag-neiva","tag-radio"],"_links":{"self":[{"href":"https:\/\/radiosurcolombiana.com\/wp\/wp-json\/wp\/v2\/posts\/1554","targetHints":{"allow":["GET"]}}],"collection":[{"href":"https:\/\/radiosurcolombiana.com\/wp\/wp-json\/wp\/v2\/posts"}],"about":[{"href":"https:\/\/radiosurcolombiana.com\/wp\/wp-json\/wp\/v2\/types\/post"}],"author":[{"embeddable":true,"href":"https:\/\/radiosurcolombiana.com\/wp\/wp-json\/wp\/v2\/users\/2"}],"replies":[{"embeddable":true,"href":"https:\/\/radiosurcolombiana.com\/wp\/wp-json\/wp\/v2\/comments?post=1554"}],"version-history":[{"count":1,"href":"https:\/\/radiosurcolombiana.com\/wp\/wp-json\/wp\/v2\/posts\/1554\/revisions"}],"predecessor-version":[{"id":1560,"href":"https:\/\/radiosurcolombiana.com\/wp\/wp-json\/wp\/v2\/posts\/1554\/revisions\/1560"}],"wp:featuredmedia":[{"embeddable":true,"href":"https:\/\/radiosurcolombiana.com\/wp\/wp-json\/wp\/v2\/media\/1559"}],"wp:attachment":[{"href":"https:\/\/radiosurcolombiana.com\/wp\/wp-json\/wp\/v2\/media?parent=1554"}],"wp:term":[{"taxonomy":"category","embeddable":true,"href":"https:\/\/radiosurcolombiana.com\/wp\/wp-json\/wp\/v2\/categories?post=1554"},{"taxonomy":"post_tag","embeddable":true,"href":"https:\/\/radiosurcolombiana.com\/wp\/wp-json\/wp\/v2\/tags?post=1554"}],"curies":[{"name":"wp","href":"https:\/\/api.w.org\/{rel}","templated":true}]}}