{"id":1566,"date":"2023-05-04T12:57:09","date_gmt":"2023-05-04T17:57:09","guid":{"rendered":"https:\/\/radiosurcolombiana.com\/wp\/?p=1566"},"modified":"2023-05-05T10:34:18","modified_gmt":"2023-05-05T15:34:18","slug":"nuevos-robos-en-la-ciudad","status":"publish","type":"post","link":"https:\/\/radiosurcolombiana.com\/wp\/nuevos-robos-en-la-ciudad\/","title":{"rendered":"Nuevos robos en la ciudad"},"content":{"rendered":"\n<p><em>Ciudadanos de Neiva, denuncian en Radio Surcolombiana que fueron v\u00edctimas de hurto en pleno centro de la ciudad.<\/em><\/p>\n\n\n\n<figure class=\"wp-block-image size-large\"><img loading=\"lazy\" decoding=\"async\" width=\"1024\" height=\"682\" src=\"https:\/\/radiosurcolombiana.com\/wp\/wp-content\/uploads\/2023\/04\/Horus-smart-control.-robo-1024x682.png\" alt=\"\" class=\"wp-image-1419\" srcset=\"https:\/\/radiosurcolombiana.com\/wp\/wp-content\/uploads\/2023\/04\/Horus-smart-control.-robo-1024x682.png 1024w, https:\/\/radiosurcolombiana.com\/wp\/wp-content\/uploads\/2023\/04\/Horus-smart-control.-robo-300x200.png 300w, https:\/\/radiosurcolombiana.com\/wp\/wp-content\/uploads\/2023\/04\/Horus-smart-control.-robo-768x512.png 768w, https:\/\/radiosurcolombiana.com\/wp\/wp-content\/uploads\/2023\/04\/Horus-smart-control.-robo.png 1295w\" sizes=\"auto, (max-width: 1024px) 100vw, 1024px\" \/><\/figure>\n\n\n\n<p>Neivanos denuncian en Radio Surcolombiana ser v\u00edctimas de robo bajo la modalidad de raponazo y arma de fuego. Estos dos casos coinciden en que ambas personas fueron robadas por hombres en motocicletas en trayectos de la carrera 5ta y carrera 15 de la capital opita.<\/p>\n\n\n\n<p>Es as\u00ed, que en medio de tanta inseguridad en la ciudad, escucharemos el testimonio de dos v\u00edctimas directas de los robos en Neiva, en donde aunque se hayan implementado ciertas estrategias para mitigar esta problem\u00e1tica, se siguen presentando cada vez m\u00e1s.<\/p>\n\n\n\n<figure class=\"wp-block-video\"><video height=\"352\" style=\"aspect-ratio: 640 \/ 352;\" width=\"640\" controls src=\"https:\/\/radiosurcolombiana.com\/wp\/wp-content\/uploads\/2023\/05\/WhatsApp-Video-2023-05-04-at-9.28.54-AM.mp4\"><\/video><\/figure>\n\n\n\n<p>De esta manera, la ciudadan\u00eda se encuentra preocupada por su bienestar y seguridad, y esperan que las entidades encargadas de velar por la seguridad de los neivanos, no se hagan los de la vista gorda, y act\u00faen ante esta problem\u00e1tica que cada d\u00eda crece m\u00e1s.<\/p>\n","protected":false},"excerpt":{"rendered":"<p>Ciudadanos de Neiva, denuncian en Radio Surcolombiana que fueron v\u00edctimas de hurto en pleno centro de la ciudad. Neivanos denuncian en Radio Surcolombiana ser v\u00edctimas de robo bajo la modalidad&hellip; <\/p>\n","protected":false},"author":2,"featured_media":1419,"comment_status":"closed","ping_status":"open","sticky":false,"template":"","format":"standard","meta":{"_joinchat":[],"footnotes":""},"categories":[3],"tags":[8,12,11],"class_list":["post-1566","post","type-post","status-publish","format-standard","has-post-thumbnail","hentry","category-comunidad","tag-huila","tag-neiva","tag-radio"],"_links":{"self":[{"href":"https:\/\/radiosurcolombiana.com\/wp\/wp-json\/wp\/v2\/posts\/1566","targetHints":{"allow":["GET"]}}],"collection":[{"href":"https:\/\/radiosurcolombiana.com\/wp\/wp-json\/wp\/v2\/posts"}],"about":[{"href":"https:\/\/radiosurcolombiana.com\/wp\/wp-json\/wp\/v2\/types\/post"}],"author":[{"embeddable":true,"href":"https:\/\/radiosurcolombiana.com\/wp\/wp-json\/wp\/v2\/users\/2"}],"replies":[{"embeddable":true,"href":"https:\/\/radiosurcolombiana.com\/wp\/wp-json\/wp\/v2\/comments?post=1566"}],"version-history":[{"count":1,"href":"https:\/\/radiosurcolombiana.com\/wp\/wp-json\/wp\/v2\/posts\/1566\/revisions"}],"predecessor-version":[{"id":1568,"href":"https:\/\/radiosurcolombiana.com\/wp\/wp-json\/wp\/v2\/posts\/1566\/revisions\/1568"}],"wp:featuredmedia":[{"embeddable":true,"href":"https:\/\/radiosurcolombiana.com\/wp\/wp-json\/wp\/v2\/media\/1419"}],"wp:attachment":[{"href":"https:\/\/radiosurcolombiana.com\/wp\/wp-json\/wp\/v2\/media?parent=1566"}],"wp:term":[{"taxonomy":"category","embeddable":true,"href":"https:\/\/radiosurcolombiana.com\/wp\/wp-json\/wp\/v2\/categories?post=1566"},{"taxonomy":"post_tag","embeddable":true,"href":"https:\/\/radiosurcolombiana.com\/wp\/wp-json\/wp\/v2\/tags?post=1566"}],"curies":[{"name":"wp","href":"https:\/\/api.w.org\/{rel}","templated":true}]}}