{"id":17402,"date":"2025-10-05T18:00:00","date_gmt":"2025-10-05T23:00:00","guid":{"rendered":"https:\/\/radiosurcolombiana.com\/wp\/?p=17402"},"modified":"2025-10-08T14:48:08","modified_gmt":"2025-10-08T19:48:08","slug":"ejercito-logra-importante-golpe-al-gao-r-en-iquira-y-recupera-a-un-menor-de-edad","status":"publish","type":"post","link":"https:\/\/radiosurcolombiana.com\/wp\/ejercito-logra-importante-golpe-al-gao-r-en-iquira-y-recupera-a-un-menor-de-edad\/","title":{"rendered":"Ej\u00e9rcito logra importante golpe al GAO-r en \u00cdquira y recupera a un menor de edad"},"content":{"rendered":"\n<p><strong>\u00cdquira, Huila.<\/strong> En una contundente operaci\u00f3n militar desarrollada por tropas de la <strong>Novena Brigada del Ej\u00e9rcito Nacional<\/strong>, adscrita a la <strong>Quinta Divisi\u00f3n<\/strong>, se logr\u00f3 la <strong>recuperaci\u00f3n de un menor de edad<\/strong> y el <strong>sometimiento a la justicia de cuatro integrantes<\/strong> del grupo armado organizado residual (GAO-r) frente <em>Hernando Gonz\u00e1lez Acosta<\/em>, que operaba en zona rural del municipio de \u00cdquira.<\/p>\n\n\n\n<p>Durante el operativo, las autoridades lograron la <strong>incautaci\u00f3n de 5 fusiles, un arma corta, 441 cartuchos de diferentes calibres, un computador port\u00e1til y un veh\u00edculo<\/strong>, elementos que eran utilizados por esta estructura ilegal para desarrollar acciones delictivas en la regi\u00f3n.<\/p>\n\n\n\n<p>El menor de edad, quien presuntamente hab\u00eda sido vinculado de manera forzada a las filas del grupo armado, fue <strong>puesto bajo protecci\u00f3n del Instituto Colombiano de Bienestar Familiar (ICBF)<\/strong>, donde recibir\u00e1 atenci\u00f3n integral y acompa\u00f1amiento psicosocial.<\/p>\n\n\n\n<p>De acuerdo con el Ej\u00e9rcito Nacional, este resultado hace parte de las acciones ofensivas que buscan <strong>garantizar la seguridad, proteger la infancia y debilitar las redes de apoyo de los grupos armados ilegales<\/strong> que afectan la tranquilidad de las comunidades rurales del Huila.<\/p>\n\n\n\n<p>Las autoridades reiteraron su compromiso con la <strong>defensa de los derechos de los ni\u00f1os, ni\u00f1as y adolescentes<\/strong>, al tiempo que hicieron un llamado a la ciudadan\u00eda para continuar denunciando la presencia de actores armados o cualquier situaci\u00f3n que ponga en riesgo la seguridad en el territorio.<\/p>\n\n\n\n<blockquote class=\"wp-block-quote is-layout-flow wp-block-quote-is-layout-flow\">\n<p>\u201cNuestro compromiso es con la seguridad, la infancia y la tranquilidad del pueblo huilense\u201d, manifest\u00f3 el comando de la Novena Brigada tras el exitoso operativo.<\/p>\n<\/blockquote>\n\n\n\n<figure class=\"wp-block-image size-large\"><img loading=\"lazy\" decoding=\"async\" width=\"819\" height=\"1024\" src=\"https:\/\/radiosurcolombiana.com\/wp\/wp-content\/uploads\/2025\/10\/Copia-de-Post-Noticias-5-819x1024.png\" alt=\"\" class=\"wp-image-17403\" srcset=\"https:\/\/radiosurcolombiana.com\/wp\/wp-content\/uploads\/2025\/10\/Copia-de-Post-Noticias-5-819x1024.png 819w, https:\/\/radiosurcolombiana.com\/wp\/wp-content\/uploads\/2025\/10\/Copia-de-Post-Noticias-5-240x300.png 240w, https:\/\/radiosurcolombiana.com\/wp\/wp-content\/uploads\/2025\/10\/Copia-de-Post-Noticias-5-768x960.png 768w, https:\/\/radiosurcolombiana.com\/wp\/wp-content\/uploads\/2025\/10\/Copia-de-Post-Noticias-5.png 1080w\" sizes=\"auto, (max-width: 819px) 100vw, 819px\" \/><\/figure>\n\n\n\n<figure class=\"wp-block-gallery has-nested-images columns-default is-cropped wp-block-gallery-1 is-layout-flex wp-block-gallery-is-layout-flex\">\n<figure class=\"wp-block-image size-large\"><img loading=\"lazy\" decoding=\"async\" width=\"1024\" height=\"682\" data-id=\"17404\" src=\"https:\/\/radiosurcolombiana.com\/wp\/wp-content\/uploads\/2025\/10\/559367661_828715853016764_6651893229120013819_n-1024x682.jpg\" alt=\"\" class=\"wp-image-17404\" srcset=\"https:\/\/radiosurcolombiana.com\/wp\/wp-content\/uploads\/2025\/10\/559367661_828715853016764_6651893229120013819_n-1024x682.jpg 1024w, https:\/\/radiosurcolombiana.com\/wp\/wp-content\/uploads\/2025\/10\/559367661_828715853016764_6651893229120013819_n-300x200.jpg 300w, https:\/\/radiosurcolombiana.com\/wp\/wp-content\/uploads\/2025\/10\/559367661_828715853016764_6651893229120013819_n-768x512.jpg 768w, https:\/\/radiosurcolombiana.com\/wp\/wp-content\/uploads\/2025\/10\/559367661_828715853016764_6651893229120013819_n-1536x1023.jpg 1536w, https:\/\/radiosurcolombiana.com\/wp\/wp-content\/uploads\/2025\/10\/559367661_828715853016764_6651893229120013819_n.jpg 1600w\" sizes=\"auto, (max-width: 1024px) 100vw, 1024px\" \/><\/figure>\n<\/figure>\n\n\n\n<figure class=\"wp-block-gallery has-nested-images columns-default is-cropped wp-block-gallery-2 is-layout-flex wp-block-gallery-is-layout-flex\">\n<figure class=\"wp-block-image size-large\"><img loading=\"lazy\" decoding=\"async\" width=\"1024\" height=\"682\" data-id=\"17405\" src=\"https:\/\/radiosurcolombiana.com\/wp\/wp-content\/uploads\/2025\/10\/557547371_828715966350086_2374155122965254465_n-1024x682.jpg\" alt=\"\" class=\"wp-image-17405\" srcset=\"https:\/\/radiosurcolombiana.com\/wp\/wp-content\/uploads\/2025\/10\/557547371_828715966350086_2374155122965254465_n-1024x682.jpg 1024w, https:\/\/radiosurcolombiana.com\/wp\/wp-content\/uploads\/2025\/10\/557547371_828715966350086_2374155122965254465_n-300x200.jpg 300w, https:\/\/radiosurcolombiana.com\/wp\/wp-content\/uploads\/2025\/10\/557547371_828715966350086_2374155122965254465_n-768x512.jpg 768w, https:\/\/radiosurcolombiana.com\/wp\/wp-content\/uploads\/2025\/10\/557547371_828715966350086_2374155122965254465_n.jpg 1216w\" sizes=\"auto, (max-width: 1024px) 100vw, 1024px\" \/><\/figure>\n<\/figure>\n","protected":false},"excerpt":{"rendered":"<p>\u00cdquira, Huila. En una contundente operaci\u00f3n militar desarrollada por tropas de la Novena Brigada del Ej\u00e9rcito Nacional, adscrita a la Quinta Divisi\u00f3n, se logr\u00f3 la recuperaci\u00f3n de un menor de&hellip; <\/p>\n","protected":false},"author":2,"featured_media":17403,"comment_status":"closed","ping_status":"open","sticky":false,"template":"","format":"standard","meta":{"_joinchat":[],"footnotes":""},"categories":[3,41],"tags":[],"class_list":["post-17402","post","type-post","status-publish","format-standard","has-post-thumbnail","hentry","category-comunidad","category-judicial"],"_links":{"self":[{"href":"https:\/\/radiosurcolombiana.com\/wp\/wp-json\/wp\/v2\/posts\/17402","targetHints":{"allow":["GET"]}}],"collection":[{"href":"https:\/\/radiosurcolombiana.com\/wp\/wp-json\/wp\/v2\/posts"}],"about":[{"href":"https:\/\/radiosurcolombiana.com\/wp\/wp-json\/wp\/v2\/types\/post"}],"author":[{"embeddable":true,"href":"https:\/\/radiosurcolombiana.com\/wp\/wp-json\/wp\/v2\/users\/2"}],"replies":[{"embeddable":true,"href":"https:\/\/radiosurcolombiana.com\/wp\/wp-json\/wp\/v2\/comments?post=17402"}],"version-history":[{"count":1,"href":"https:\/\/radiosurcolombiana.com\/wp\/wp-json\/wp\/v2\/posts\/17402\/revisions"}],"predecessor-version":[{"id":17406,"href":"https:\/\/radiosurcolombiana.com\/wp\/wp-json\/wp\/v2\/posts\/17402\/revisions\/17406"}],"wp:featuredmedia":[{"embeddable":true,"href":"https:\/\/radiosurcolombiana.com\/wp\/wp-json\/wp\/v2\/media\/17403"}],"wp:attachment":[{"href":"https:\/\/radiosurcolombiana.com\/wp\/wp-json\/wp\/v2\/media?parent=17402"}],"wp:term":[{"taxonomy":"category","embeddable":true,"href":"https:\/\/radiosurcolombiana.com\/wp\/wp-json\/wp\/v2\/categories?post=17402"},{"taxonomy":"post_tag","embeddable":true,"href":"https:\/\/radiosurcolombiana.com\/wp\/wp-json\/wp\/v2\/tags?post=17402"}],"curies":[{"name":"wp","href":"https:\/\/api.w.org\/{rel}","templated":true}]}}