{"id":18505,"date":"2026-02-05T08:39:05","date_gmt":"2026-02-05T13:39:05","guid":{"rendered":"https:\/\/radiosurcolombiana.com\/wp\/?p=18505"},"modified":"2026-02-05T08:39:06","modified_gmt":"2026-02-05T13:39:06","slug":"policia-refuerza-controles-para-prevenir-el-hurto-en-el-malecon-de-neiva","status":"publish","type":"post","link":"https:\/\/radiosurcolombiana.com\/wp\/policia-refuerza-controles-para-prevenir-el-hurto-en-el-malecon-de-neiva\/","title":{"rendered":"Polic\u00eda refuerza controles para prevenir el hurto en el Malec\u00f3n de Neiva"},"content":{"rendered":"\n<p>La Polic\u00eda Metropolitana de Neiva intensific\u00f3 las acciones de prevenci\u00f3n del hurto a personas en el sector del Malec\u00f3n, particularmente en la plazoleta de artesanos, un punto priorizado dentro del frente de seguridad tur\u00edstico por la alta afluencia de ciudadanos y visitantes. La intervenci\u00f3n busc\u00f3 fortalecer la percepci\u00f3n de seguridad en uno de los espacios p\u00fablicos m\u00e1s concurridos de la capital huilense.<\/p>\n\n\n\n<p>Durante la jornada, uniformados del Grupo de Protecci\u00f3n al Turismo y Patrimonio Nacional realizaron actividades de registro y control, al tiempo que ofrecieron recomendaciones de autoprotecci\u00f3n a transe\u00fantes, comerciantes y turistas, enfocadas en el cuidado de pertenencias personales y la reducci\u00f3n de riesgos frente a posibles hechos delictivos.<\/p>\n\n\n\n<p>Adem\u00e1s, la Polic\u00eda socializ\u00f3 los canales de atenci\u00f3n y l\u00edneas de emergencia, promoviendo una comunicaci\u00f3n m\u00e1s cercana entre la instituci\u00f3n y la comunidad, con el fin de facilitar la denuncia oportuna y la reacci\u00f3n r\u00e1pida ante cualquier situaci\u00f3n sospechosa en el sector.<\/p>\n\n\n\n<p>Desde la Polic\u00eda Metropolitana se reiter\u00f3 que este tipo de operativos hacen parte de la estrategia de seguridad para proteger a residentes y visitantes en zonas tur\u00edsticas y de alta circulaci\u00f3n, con el prop\u00f3sito de preservar la convivencia ciudadana y garantizar entornos m\u00e1s seguros en los principales espacios p\u00fablicos de Neiva.<\/p>\n\n\n\n<figure class=\"wp-block-gallery has-nested-images columns-default is-cropped wp-block-gallery-1 is-layout-flex wp-block-gallery-is-layout-flex\">\n<figure class=\"wp-block-image size-large\"><img loading=\"lazy\" decoding=\"async\" width=\"819\" height=\"1024\" data-id=\"18506\" src=\"https:\/\/radiosurcolombiana.com\/wp\/wp-content\/uploads\/2026\/02\/post-facebook-nuevo-2026-02-05T082158.626-819x1024.png\" alt=\"\" class=\"wp-image-18506\" srcset=\"https:\/\/radiosurcolombiana.com\/wp\/wp-content\/uploads\/2026\/02\/post-facebook-nuevo-2026-02-05T082158.626-819x1024.png 819w, https:\/\/radiosurcolombiana.com\/wp\/wp-content\/uploads\/2026\/02\/post-facebook-nuevo-2026-02-05T082158.626-240x300.png 240w, https:\/\/radiosurcolombiana.com\/wp\/wp-content\/uploads\/2026\/02\/post-facebook-nuevo-2026-02-05T082158.626-768x960.png 768w, https:\/\/radiosurcolombiana.com\/wp\/wp-content\/uploads\/2026\/02\/post-facebook-nuevo-2026-02-05T082158.626.png 1080w\" sizes=\"auto, (max-width: 819px) 100vw, 819px\" \/><\/figure>\n<\/figure>\n","protected":false},"excerpt":{"rendered":"<p>La Polic\u00eda Metropolitana de Neiva intensific\u00f3 las acciones de prevenci\u00f3n del hurto a personas en el sector del Malec\u00f3n, particularmente en la plazoleta de artesanos, un punto priorizado dentro del&hellip; <\/p>\n","protected":false},"author":2,"featured_media":18506,"comment_status":"closed","ping_status":"open","sticky":false,"template":"","format":"standard","meta":{"_joinchat":[],"footnotes":""},"categories":[3],"tags":[],"class_list":["post-18505","post","type-post","status-publish","format-standard","has-post-thumbnail","hentry","category-comunidad"],"_links":{"self":[{"href":"https:\/\/radiosurcolombiana.com\/wp\/wp-json\/wp\/v2\/posts\/18505","targetHints":{"allow":["GET"]}}],"collection":[{"href":"https:\/\/radiosurcolombiana.com\/wp\/wp-json\/wp\/v2\/posts"}],"about":[{"href":"https:\/\/radiosurcolombiana.com\/wp\/wp-json\/wp\/v2\/types\/post"}],"author":[{"embeddable":true,"href":"https:\/\/radiosurcolombiana.com\/wp\/wp-json\/wp\/v2\/users\/2"}],"replies":[{"embeddable":true,"href":"https:\/\/radiosurcolombiana.com\/wp\/wp-json\/wp\/v2\/comments?post=18505"}],"version-history":[{"count":1,"href":"https:\/\/radiosurcolombiana.com\/wp\/wp-json\/wp\/v2\/posts\/18505\/revisions"}],"predecessor-version":[{"id":18507,"href":"https:\/\/radiosurcolombiana.com\/wp\/wp-json\/wp\/v2\/posts\/18505\/revisions\/18507"}],"wp:featuredmedia":[{"embeddable":true,"href":"https:\/\/radiosurcolombiana.com\/wp\/wp-json\/wp\/v2\/media\/18506"}],"wp:attachment":[{"href":"https:\/\/radiosurcolombiana.com\/wp\/wp-json\/wp\/v2\/media?parent=18505"}],"wp:term":[{"taxonomy":"category","embeddable":true,"href":"https:\/\/radiosurcolombiana.com\/wp\/wp-json\/wp\/v2\/categories?post=18505"},{"taxonomy":"post_tag","embeddable":true,"href":"https:\/\/radiosurcolombiana.com\/wp\/wp-json\/wp\/v2\/tags?post=18505"}],"curies":[{"name":"wp","href":"https:\/\/api.w.org\/{rel}","templated":true}]}}