{"id":18523,"date":"2026-02-05T08:49:26","date_gmt":"2026-02-05T13:49:26","guid":{"rendered":"https:\/\/radiosurcolombiana.com\/wp\/?p=18523"},"modified":"2026-02-05T08:49:27","modified_gmt":"2026-02-05T13:49:27","slug":"mintrabajo-ratifica-millonaria-sancion-al-municipio-por-fallas-en-seguridad-laboral","status":"publish","type":"post","link":"https:\/\/radiosurcolombiana.com\/wp\/mintrabajo-ratifica-millonaria-sancion-al-municipio-por-fallas-en-seguridad-laboral\/","title":{"rendered":"MinTrabajo ratifica millonaria sanci\u00f3n al municipio por fallas en seguridad laboral"},"content":{"rendered":"\n<p>En una decisi\u00f3n reciente, el Ministerio del Trabajo confirm\u00f3 una sanci\u00f3n de cerca de $794 millones contra la Alcald\u00eda de Neiva, luego de que su gesti\u00f3n fuera encontrada responsable de incumplimientos reiterados en materia de seguridad y salud en el trabajo. \ufffc<\/p>\n\n\n\n<p>Seg\u00fan el Gobierno, el proceso sancionatorio se origin\u00f3 tras varias inspecciones realizadas por el Ministerio del Trabajo, que detectaron fallas estructurales en la gesti\u00f3n de condiciones laborales de empleados municipales, incluyendo omisiones en la implementaci\u00f3n y seguimiento del Sistema de Gesti\u00f3n de Seguridad y Salud en el Trabajo. Estos hallazgos llevaron a formular varios cargos que suman una multa millonaria para el municipio. \ufffc<\/p>\n\n\n\n<p>La sanci\u00f3n fue ratificada por el Ministerio tras el an\u00e1lisis de las pruebas y el reconocimiento de que las medidas adoptadas por la administraci\u00f3n local para corregir las fallas fueron tard\u00edas o insuficientes, seg\u00fan fuentes oficiales. Esta acci\u00f3n se enmarca en las competencias del Ministerio del Trabajo para garantizar el cumplimiento de las normas laborales en todo el pa\u00eds. \ufffc<\/p>\n\n\n\n<p>Representantes del sector laboral y organismos de vigilancia indican que esta clase de sanciones buscan que las entidades p\u00fablicas adopten pr\u00e1cticas m\u00e1s rigurosas en la protecci\u00f3n de los trabajadores, especialmente en temas relacionados con la prevenci\u00f3n de riesgos laborales. La Alcald\u00eda de Neiva a\u00fan no ha emitido una declaraci\u00f3n p\u00fablica sobre los pasos a seguir tras la confirmaci\u00f3n de la sanci\u00f3n. \ufffc<\/p>\n\n\n\n<figure class=\"wp-block-gallery has-nested-images columns-default is-cropped wp-block-gallery-1 is-layout-flex wp-block-gallery-is-layout-flex\">\n<figure class=\"wp-block-image size-large\"><img loading=\"lazy\" decoding=\"async\" width=\"819\" height=\"1024\" data-id=\"18524\" src=\"https:\/\/radiosurcolombiana.com\/wp\/wp-content\/uploads\/2026\/02\/post-facebook-nuevo-2026-02-05T084857.517-819x1024.png\" alt=\"\" class=\"wp-image-18524\" srcset=\"https:\/\/radiosurcolombiana.com\/wp\/wp-content\/uploads\/2026\/02\/post-facebook-nuevo-2026-02-05T084857.517-819x1024.png 819w, https:\/\/radiosurcolombiana.com\/wp\/wp-content\/uploads\/2026\/02\/post-facebook-nuevo-2026-02-05T084857.517-240x300.png 240w, https:\/\/radiosurcolombiana.com\/wp\/wp-content\/uploads\/2026\/02\/post-facebook-nuevo-2026-02-05T084857.517-768x960.png 768w, https:\/\/radiosurcolombiana.com\/wp\/wp-content\/uploads\/2026\/02\/post-facebook-nuevo-2026-02-05T084857.517.png 1080w\" sizes=\"auto, (max-width: 819px) 100vw, 819px\" \/><\/figure>\n<\/figure>\n","protected":false},"excerpt":{"rendered":"<p>En una decisi\u00f3n reciente, el Ministerio del Trabajo confirm\u00f3 una sanci\u00f3n de cerca de $794 millones contra la Alcald\u00eda de Neiva, luego de que su gesti\u00f3n fuera encontrada responsable de&hellip; <\/p>\n","protected":false},"author":2,"featured_media":18524,"comment_status":"closed","ping_status":"open","sticky":false,"template":"","format":"standard","meta":{"_joinchat":[],"footnotes":""},"categories":[18],"tags":[],"class_list":["post-18523","post","type-post","status-publish","format-standard","has-post-thumbnail","hentry","category-ciudad"],"_links":{"self":[{"href":"https:\/\/radiosurcolombiana.com\/wp\/wp-json\/wp\/v2\/posts\/18523","targetHints":{"allow":["GET"]}}],"collection":[{"href":"https:\/\/radiosurcolombiana.com\/wp\/wp-json\/wp\/v2\/posts"}],"about":[{"href":"https:\/\/radiosurcolombiana.com\/wp\/wp-json\/wp\/v2\/types\/post"}],"author":[{"embeddable":true,"href":"https:\/\/radiosurcolombiana.com\/wp\/wp-json\/wp\/v2\/users\/2"}],"replies":[{"embeddable":true,"href":"https:\/\/radiosurcolombiana.com\/wp\/wp-json\/wp\/v2\/comments?post=18523"}],"version-history":[{"count":1,"href":"https:\/\/radiosurcolombiana.com\/wp\/wp-json\/wp\/v2\/posts\/18523\/revisions"}],"predecessor-version":[{"id":18525,"href":"https:\/\/radiosurcolombiana.com\/wp\/wp-json\/wp\/v2\/posts\/18523\/revisions\/18525"}],"wp:featuredmedia":[{"embeddable":true,"href":"https:\/\/radiosurcolombiana.com\/wp\/wp-json\/wp\/v2\/media\/18524"}],"wp:attachment":[{"href":"https:\/\/radiosurcolombiana.com\/wp\/wp-json\/wp\/v2\/media?parent=18523"}],"wp:term":[{"taxonomy":"category","embeddable":true,"href":"https:\/\/radiosurcolombiana.com\/wp\/wp-json\/wp\/v2\/categories?post=18523"},{"taxonomy":"post_tag","embeddable":true,"href":"https:\/\/radiosurcolombiana.com\/wp\/wp-json\/wp\/v2\/tags?post=18523"}],"curies":[{"name":"wp","href":"https:\/\/api.w.org\/{rel}","templated":true}]}}