{"id":18708,"date":"2026-02-17T08:42:09","date_gmt":"2026-02-17T13:42:09","guid":{"rendered":"https:\/\/radiosurcolombiana.com\/wp\/?p=18708"},"modified":"2026-02-17T08:42:09","modified_gmt":"2026-02-17T13:42:09","slug":"bomberos-controlan-incendio-en-local-comercial-del-centro-de-neiva-sin-dejar-lesionados","status":"publish","type":"post","link":"https:\/\/radiosurcolombiana.com\/wp\/bomberos-controlan-incendio-en-local-comercial-del-centro-de-neiva-sin-dejar-lesionados\/","title":{"rendered":"Bomberos controlan incendio en local comercial del centro de Neiva sin dejar lesionados"},"content":{"rendered":"\n<p class=\"wp-block-paragraph\">El Cuerpo Oficial de Bomberos de Neiva atendi\u00f3 de manera oportuna un incendio estructural registrado en un local comercial dedicado a la venta de velas, ubicado en el centro de la capital huilense. La r\u00e1pida reacci\u00f3n evit\u00f3 que la emergencia se extendiera a establecimientos vecinos y permiti\u00f3 controlar la situaci\u00f3n sin que se presentaran personas ni animales lesionados.<\/p>\n\n\n\n<p class=\"wp-block-paragraph\">La atenci\u00f3n fue coordinada por la Oficina de Gesti\u00f3n del Riesgo Municipal, que dispuso el despliegue de dos m\u00e1quinas extintoras, una camioneta de intervenci\u00f3n r\u00e1pida y 12 unidades bomberiles. Gracias al trabajo articulado del equipo operativo, el fuego fue sofocado en corto tiempo, reduciendo los da\u00f1os materiales y garantizando la seguridad en el sector.<\/p>\n\n\n\n<p class=\"wp-block-paragraph\">Durante el procedimiento, los organismos de socorro realizaron el control de riesgos asociados a la estructura y aseguraron varios cilindros de gas GLP que se encontraban en el interior del establecimiento, evitando posibles explosiones o una mayor propagaci\u00f3n de las llamas.<\/p>\n\n\n\n<p class=\"wp-block-paragraph\">Las autoridades reiteraron el llamado a la ciudadan\u00eda para reportar de inmediato cualquier emergencia a las l\u00edneas oficiales del Cuerpo Oficial de Bomberos de Neiva, recordando que la oportuna notificaci\u00f3n es clave para proteger vidas y bienes en situaciones de riesgo.<\/p>\n\n\n\n<figure class=\"wp-block-gallery has-nested-images columns-default is-cropped wp-block-gallery-1 is-layout-flex wp-block-gallery-is-layout-flex\">\n<figure class=\"wp-block-image size-large\"><img loading=\"lazy\" decoding=\"async\" width=\"819\" height=\"1024\" data-id=\"18709\" src=\"https:\/\/radiosurcolombiana.com\/wp\/wp-content\/uploads\/2026\/02\/post-facebook-nuevo-2026-02-17T083455.587-819x1024.png\" alt=\"\" class=\"wp-image-18709\" srcset=\"https:\/\/radiosurcolombiana.com\/wp\/wp-content\/uploads\/2026\/02\/post-facebook-nuevo-2026-02-17T083455.587-819x1024.png 819w, https:\/\/radiosurcolombiana.com\/wp\/wp-content\/uploads\/2026\/02\/post-facebook-nuevo-2026-02-17T083455.587-240x300.png 240w, https:\/\/radiosurcolombiana.com\/wp\/wp-content\/uploads\/2026\/02\/post-facebook-nuevo-2026-02-17T083455.587-768x960.png 768w, https:\/\/radiosurcolombiana.com\/wp\/wp-content\/uploads\/2026\/02\/post-facebook-nuevo-2026-02-17T083455.587.png 1080w\" sizes=\"auto, (max-width: 819px) 100vw, 819px\" \/><\/figure>\n<\/figure>\n","protected":false},"excerpt":{"rendered":"<p>El Cuerpo Oficial de Bomberos de Neiva atendi\u00f3 de manera oportuna un incendio estructural registrado en un local comercial dedicado a la venta de velas, ubicado en el centro de&hellip; <\/p>\n","protected":false},"author":2,"featured_media":18709,"comment_status":"closed","ping_status":"open","sticky":false,"template":"","format":"standard","meta":{"_joinchat":[],"footnotes":""},"categories":[18],"tags":[],"class_list":["post-18708","post","type-post","status-publish","format-standard","has-post-thumbnail","hentry","category-ciudad"],"_links":{"self":[{"href":"https:\/\/radiosurcolombiana.com\/wp\/wp-json\/wp\/v2\/posts\/18708","targetHints":{"allow":["GET"]}}],"collection":[{"href":"https:\/\/radiosurcolombiana.com\/wp\/wp-json\/wp\/v2\/posts"}],"about":[{"href":"https:\/\/radiosurcolombiana.com\/wp\/wp-json\/wp\/v2\/types\/post"}],"author":[{"embeddable":true,"href":"https:\/\/radiosurcolombiana.com\/wp\/wp-json\/wp\/v2\/users\/2"}],"replies":[{"embeddable":true,"href":"https:\/\/radiosurcolombiana.com\/wp\/wp-json\/wp\/v2\/comments?post=18708"}],"version-history":[{"count":1,"href":"https:\/\/radiosurcolombiana.com\/wp\/wp-json\/wp\/v2\/posts\/18708\/revisions"}],"predecessor-version":[{"id":18710,"href":"https:\/\/radiosurcolombiana.com\/wp\/wp-json\/wp\/v2\/posts\/18708\/revisions\/18710"}],"wp:featuredmedia":[{"embeddable":true,"href":"https:\/\/radiosurcolombiana.com\/wp\/wp-json\/wp\/v2\/media\/18709"}],"wp:attachment":[{"href":"https:\/\/radiosurcolombiana.com\/wp\/wp-json\/wp\/v2\/media?parent=18708"}],"wp:term":[{"taxonomy":"category","embeddable":true,"href":"https:\/\/radiosurcolombiana.com\/wp\/wp-json\/wp\/v2\/categories?post=18708"},{"taxonomy":"post_tag","embeddable":true,"href":"https:\/\/radiosurcolombiana.com\/wp\/wp-json\/wp\/v2\/tags?post=18708"}],"curies":[{"name":"wp","href":"https:\/\/api.w.org\/{rel}","templated":true}]}}