{"id":19098,"date":"2026-03-12T09:30:50","date_gmt":"2026-03-12T14:30:50","guid":{"rendered":"https:\/\/radiosurcolombiana.com\/wp\/?p=19098"},"modified":"2026-03-12T09:44:28","modified_gmt":"2026-03-12T14:44:28","slug":"vandalizan-semaforo-en-pleno-centro-de-neiva","status":"publish","type":"post","link":"https:\/\/radiosurcolombiana.com\/wp\/vandalizan-semaforo-en-pleno-centro-de-neiva\/","title":{"rendered":"Vandalizan sem\u00e1foro en pleno centro de Neiva"},"content":{"rendered":"\n<p>Un acto de vandalismo dej\u00f3 fuera de servicio un sem\u00e1foro vehicular ubicado en la intersecci\u00f3n de la carrera S\u00e9ptima con calle Sexta en Neiva, seg\u00fan inform\u00f3 la Secretar\u00eda de Movilidad de Neiva.<\/p>\n\n\n\n<p>De acuerdo con el reporte t\u00e9cnico de la entidad, el dispositivo fue desmantelado completamente por desconocidos, quienes retiraron la fuente de poder de las l\u00e1mparas y los bombillos que hacen parte del sistema de se\u00f1alizaci\u00f3n. La acci\u00f3n dej\u00f3 inoperante el sem\u00e1foro en uno de los puntos de mayor circulaci\u00f3n del centro de la ciudad.<\/p>\n\n\n\n<p>Tras cometer el hecho, los responsables habr\u00edan abandonado en el mismo sector la estructura pl\u00e1stica del sem\u00e1foro y los lentes de colores dentro de una bolsa de basura, lo que evidenci\u00f3 el da\u00f1o ocasionado a la infraestructura vial.<\/p>\n\n\n\n<p>Desde la Secretar\u00eda de Movilidad advirtieron que este tipo de situaciones no solo generan p\u00e9rdidas para el patrimonio p\u00fablico, sino que tambi\u00e9n ponen en riesgo la seguridad de conductores, motociclistas, ciclistas y peatones. La entidad anunci\u00f3 que ya se adelantan las denuncias correspondientes y trabajos t\u00e9cnicos para restablecer el funcionamiento del sem\u00e1foro en el menor tiempo posible.<\/p>\n\n\n\n<figure class=\"wp-block-image size-large\"><img loading=\"lazy\" decoding=\"async\" width=\"576\" height=\"1024\" src=\"https:\/\/radiosurcolombiana.com\/wp\/wp-content\/uploads\/2026\/03\/WhatsApp-Image-2026-03-12-at-8.57.59-AM-576x1024.jpeg\" alt=\"\" class=\"wp-image-19102\" srcset=\"https:\/\/radiosurcolombiana.com\/wp\/wp-content\/uploads\/2026\/03\/WhatsApp-Image-2026-03-12-at-8.57.59-AM-576x1024.jpeg 576w, https:\/\/radiosurcolombiana.com\/wp\/wp-content\/uploads\/2026\/03\/WhatsApp-Image-2026-03-12-at-8.57.59-AM-169x300.jpeg 169w, https:\/\/radiosurcolombiana.com\/wp\/wp-content\/uploads\/2026\/03\/WhatsApp-Image-2026-03-12-at-8.57.59-AM.jpeg 720w\" sizes=\"auto, (max-width: 576px) 100vw, 576px\" \/><\/figure>\n\n\n\n<p><\/p>\n","protected":false},"excerpt":{"rendered":"<p>Un acto de vandalismo dej\u00f3 fuera de servicio un sem\u00e1foro vehicular ubicado en la intersecci\u00f3n de la carrera S\u00e9ptima con calle Sexta en Neiva, seg\u00fan inform\u00f3 la Secretar\u00eda de Movilidad&hellip; <\/p>\n","protected":false},"author":2,"featured_media":19102,"comment_status":"closed","ping_status":"open","sticky":false,"template":"","format":"standard","meta":{"_joinchat":[],"footnotes":""},"categories":[18],"tags":[],"class_list":["post-19098","post","type-post","status-publish","format-standard","has-post-thumbnail","hentry","category-ciudad"],"_links":{"self":[{"href":"https:\/\/radiosurcolombiana.com\/wp\/wp-json\/wp\/v2\/posts\/19098","targetHints":{"allow":["GET"]}}],"collection":[{"href":"https:\/\/radiosurcolombiana.com\/wp\/wp-json\/wp\/v2\/posts"}],"about":[{"href":"https:\/\/radiosurcolombiana.com\/wp\/wp-json\/wp\/v2\/types\/post"}],"author":[{"embeddable":true,"href":"https:\/\/radiosurcolombiana.com\/wp\/wp-json\/wp\/v2\/users\/2"}],"replies":[{"embeddable":true,"href":"https:\/\/radiosurcolombiana.com\/wp\/wp-json\/wp\/v2\/comments?post=19098"}],"version-history":[{"count":2,"href":"https:\/\/radiosurcolombiana.com\/wp\/wp-json\/wp\/v2\/posts\/19098\/revisions"}],"predecessor-version":[{"id":19103,"href":"https:\/\/radiosurcolombiana.com\/wp\/wp-json\/wp\/v2\/posts\/19098\/revisions\/19103"}],"wp:featuredmedia":[{"embeddable":true,"href":"https:\/\/radiosurcolombiana.com\/wp\/wp-json\/wp\/v2\/media\/19102"}],"wp:attachment":[{"href":"https:\/\/radiosurcolombiana.com\/wp\/wp-json\/wp\/v2\/media?parent=19098"}],"wp:term":[{"taxonomy":"category","embeddable":true,"href":"https:\/\/radiosurcolombiana.com\/wp\/wp-json\/wp\/v2\/categories?post=19098"},{"taxonomy":"post_tag","embeddable":true,"href":"https:\/\/radiosurcolombiana.com\/wp\/wp-json\/wp\/v2\/tags?post=19098"}],"curies":[{"name":"wp","href":"https:\/\/api.w.org\/{rel}","templated":true}]}}