{"id":19106,"date":"2026-03-12T16:06:36","date_gmt":"2026-03-12T21:06:36","guid":{"rendered":"https:\/\/radiosurcolombiana.com\/wp\/?p=19106"},"modified":"2026-03-12T16:15:21","modified_gmt":"2026-03-12T21:15:21","slug":"el-pabellon-de-los-aplazados","status":"publish","type":"post","link":"https:\/\/radiosurcolombiana.com\/wp\/el-pabellon-de-los-aplazados\/","title":{"rendered":"El pabell\u00f3n de los aplazados"},"content":{"rendered":"\n<p>Por: Julio Enrique Ortiz Cuenca<\/p>\n\n\n\n<p>Despu\u00e9s de las elecciones se escucha en todas las tertulias la expresi\u00f3n \u201cel pabell\u00f3n de los quemados\u201d, donde ubican a todos los perdedores de la contienda electoral, a quienes tambi\u00e9n se les declara tributarios del mar caribe por su recorrido desde el Magdalena abajo hasta llegar a bocas de cenizas en la bulliciosa y alegre ciudad de Barranquilla. Todas las derrotas son tristes pero podr\u00edamos decir que las m\u00e1s duras y amargas e inesperadas son las electorales, porque \u00a0quienes compiten \u00a0juegan a ganar, \u00a0tienen vocaci\u00f3n de triunfadores y muy pocos de perdedores. Los d\u00edas siguientes para los perdedores son desolados \u00a0y a veces el impacto de la derrota no permite ni siquiera reflexionar,\u00a0 desarrollando comportamientos violentos y deslegitimaci\u00f3n del triunfo de sus adversarios. <\/p>\n\n\n\n<p>Los tel\u00e9fonos que antes estresaban por su constante repicar, se silencian y solo son perturbados por las llamadas de los acreedores del transporte, de los publicistas, pregoneros contratados y de los gerentes de los bancos que angustiados consideran que no les van cubrir los sobregiros del d\u00eda de las elecciones. Muchos de los electores se vuelven vergonzantes y no se dejan ver por el temor a ser ubicados como perdedores. Las familias se angustian, vienen los reproches especialmente de las esposas que a veces terminan en separaciones. <\/p>\n\n\n\n<p>Los gobernantes y los jefes pol\u00edticos se engolosinan\u00a0 con los ganadores\u00a0 y olvidan que los perdedores aportaron para alcanzar los umbrales, fortalecer los partidos y afianzar la democracia, olvidando que si bien es cierto que perdieron cuando podr\u00edan haber ganado, se mantiene\u00a0 la posibilidad de triunfar en las pr\u00f3ximas elecciones. En los malos perdedores por sus mentes y declaraciones aflora el resentimiento, denuncian el mercado de votos por puestos, dinero u obras, las calumnias, la parcialidad de los gobiernos y de los medios de comunicaci\u00f3n, se culpan a las encuestadoras que influyeron en los resultados y declaran traidores a la mayor parte de sus electores. <\/p>\n\n\n\n<p>Los verdaderos l\u00edderes nadan a contracorriente buscando ri\u00f3 arriba la fuerza y energ\u00eda de su pasado hist\u00f3rico en San Agust\u00edn, saben perder, reconocer la derrota y con mucho car\u00e1cter y convicci\u00f3n en sus ideolog\u00edas y programas\u00a0 contin\u00faan en el debate p\u00fablico desde todas las tribunas, asumen los errores de sus \u00a0estrategias y se consideran victoriosos por que de las derrotas tambi\u00e9n se aprende.<\/p>\n\n\n\n<p> Se recuperan\u00a0 perfil\u00e1ndose como alternativas de futuras contiendas electorales, \u00a0entendiendo que sus partidos y proyectos pol\u00edticos no se pueden circunscribir\u00a0 solamente a las jornadas electorales, sino que se debe\u00a0 manifestar con mayor fuerza y decisi\u00f3n en el periodo postelectoral\u00a0 defendiendo sus\u00a0 idearios y ejerciendo una fiscalizaci\u00f3n seria\u00a0 y objetiva, con una oposici\u00f3n constructiva que les permita constituirse en alternativa de poder. <\/p>\n\n\n\n<p>Considero que en pol\u00edtica no se puede hablar de \u201cpabell\u00f3n de los quemados\u201d sino pabell\u00f3n de los aplazados.<\/p>\n\n\n\n<p>Julioenriqueortiz@yahoo.com<\/p>\n\n\n\n<figure class=\"wp-block-image size-large\"><img loading=\"lazy\" decoding=\"async\" width=\"1024\" height=\"596\" src=\"https:\/\/radiosurcolombiana.com\/wp\/wp-content\/uploads\/2026\/03\/image-16-1024x596.png\" alt=\"\" class=\"wp-image-19107\" srcset=\"https:\/\/radiosurcolombiana.com\/wp\/wp-content\/uploads\/2026\/03\/image-16-1024x596.png 1024w, https:\/\/radiosurcolombiana.com\/wp\/wp-content\/uploads\/2026\/03\/image-16-300x175.png 300w, https:\/\/radiosurcolombiana.com\/wp\/wp-content\/uploads\/2026\/03\/image-16-768x447.png 768w, https:\/\/radiosurcolombiana.com\/wp\/wp-content\/uploads\/2026\/03\/image-16-1536x895.png 1536w, https:\/\/radiosurcolombiana.com\/wp\/wp-content\/uploads\/2026\/03\/image-16.png 1600w\" sizes=\"auto, (max-width: 1024px) 100vw, 1024px\" \/><\/figure>\n","protected":false},"excerpt":{"rendered":"<p>Por: Julio Enrique Ortiz Cuenca Despu\u00e9s de las elecciones se escucha en todas las tertulias la expresi\u00f3n \u201cel pabell\u00f3n de los quemados\u201d, donde ubican a todos los perdedores de la&hellip; <\/p>\n","protected":false},"author":2,"featured_media":19107,"comment_status":"closed","ping_status":"open","sticky":false,"template":"","format":"standard","meta":{"_joinchat":[],"footnotes":""},"categories":[1],"tags":[],"class_list":["post-19106","post","type-post","status-publish","format-standard","has-post-thumbnail","hentry","category-politica"],"_links":{"self":[{"href":"https:\/\/radiosurcolombiana.com\/wp\/wp-json\/wp\/v2\/posts\/19106","targetHints":{"allow":["GET"]}}],"collection":[{"href":"https:\/\/radiosurcolombiana.com\/wp\/wp-json\/wp\/v2\/posts"}],"about":[{"href":"https:\/\/radiosurcolombiana.com\/wp\/wp-json\/wp\/v2\/types\/post"}],"author":[{"embeddable":true,"href":"https:\/\/radiosurcolombiana.com\/wp\/wp-json\/wp\/v2\/users\/2"}],"replies":[{"embeddable":true,"href":"https:\/\/radiosurcolombiana.com\/wp\/wp-json\/wp\/v2\/comments?post=19106"}],"version-history":[{"count":3,"href":"https:\/\/radiosurcolombiana.com\/wp\/wp-json\/wp\/v2\/posts\/19106\/revisions"}],"predecessor-version":[{"id":19111,"href":"https:\/\/radiosurcolombiana.com\/wp\/wp-json\/wp\/v2\/posts\/19106\/revisions\/19111"}],"wp:featuredmedia":[{"embeddable":true,"href":"https:\/\/radiosurcolombiana.com\/wp\/wp-json\/wp\/v2\/media\/19107"}],"wp:attachment":[{"href":"https:\/\/radiosurcolombiana.com\/wp\/wp-json\/wp\/v2\/media?parent=19106"}],"wp:term":[{"taxonomy":"category","embeddable":true,"href":"https:\/\/radiosurcolombiana.com\/wp\/wp-json\/wp\/v2\/categories?post=19106"},{"taxonomy":"post_tag","embeddable":true,"href":"https:\/\/radiosurcolombiana.com\/wp\/wp-json\/wp\/v2\/tags?post=19106"}],"curies":[{"name":"wp","href":"https:\/\/api.w.org\/{rel}","templated":true}]}}