{"id":19128,"date":"2026-03-13T09:20:56","date_gmt":"2026-03-13T14:20:56","guid":{"rendered":"https:\/\/radiosurcolombiana.com\/wp\/?p=19128"},"modified":"2026-03-13T09:20:56","modified_gmt":"2026-03-13T14:20:56","slug":"parque-santander-acoge-hoy-el-encuentro-popular-economias-para-la-vida","status":"publish","type":"post","link":"https:\/\/radiosurcolombiana.com\/wp\/parque-santander-acoge-hoy-el-encuentro-popular-economias-para-la-vida\/","title":{"rendered":"Parque Santander acoge hoy el Encuentro Popular \u201cEconom\u00edas para la Vida\u201d"},"content":{"rendered":"\n<p>Con el prop\u00f3sito de impulsar los emprendimientos locales y dinamizar la econom\u00eda regional, este viernes 13 de marzo se realiza en Neiva el Encuentro Popular \u201cEconom\u00edas para la Vida\u201d, un espacio que re\u00fane a productores y emprendedores de diferentes municipios del departamento en el Parque Santander.<\/p>\n\n\n\n<p>La jornada inicia a partir de las 7:00 de la ma\u00f1ana y permite a los asistentes conocer una amplia variedad de productos elaborados por emprendedores huilenses, quienes llegan con propuestas que reflejan talento, creatividad y trabajo desde distintos territorios del departamento.<\/p>\n\n\n\n<p>De acuerdo con la secretaria encargada de Desarrollo Econ\u00f3mico y Turismo, Natalia Alejandra Ortiz Valderrama, en esta actividad participan m\u00e1s de 40 emprendimientos provenientes de varios municipios del Huila, lo que convierte el evento en una vitrina para fortalecer la comercializaci\u00f3n de productos locales.<\/p>\n\n\n\n<p>La actividad se desarrolla en el marco del Encuentro de Econom\u00edas para la Vida, organizado por Prosperidad Social en articulaci\u00f3n con la Gobernaci\u00f3n del Huila, con el objetivo de promover las econom\u00edas populares y generar mayores oportunidades para los productores y emprendedores del departamento.<\/p>\n\n\n\n<figure class=\"wp-block-image size-large\"><img loading=\"lazy\" decoding=\"async\" width=\"819\" height=\"1024\" src=\"https:\/\/radiosurcolombiana.com\/wp\/wp-content\/uploads\/2026\/03\/WhatsApp-Image-2026-03-13-at-8.41.59-AM-819x1024.jpeg\" alt=\"\" class=\"wp-image-19129\" srcset=\"https:\/\/radiosurcolombiana.com\/wp\/wp-content\/uploads\/2026\/03\/WhatsApp-Image-2026-03-13-at-8.41.59-AM-819x1024.jpeg 819w, https:\/\/radiosurcolombiana.com\/wp\/wp-content\/uploads\/2026\/03\/WhatsApp-Image-2026-03-13-at-8.41.59-AM-240x300.jpeg 240w, https:\/\/radiosurcolombiana.com\/wp\/wp-content\/uploads\/2026\/03\/WhatsApp-Image-2026-03-13-at-8.41.59-AM-768x960.jpeg 768w, https:\/\/radiosurcolombiana.com\/wp\/wp-content\/uploads\/2026\/03\/WhatsApp-Image-2026-03-13-at-8.41.59-AM-1229x1536.jpeg 1229w, https:\/\/radiosurcolombiana.com\/wp\/wp-content\/uploads\/2026\/03\/WhatsApp-Image-2026-03-13-at-8.41.59-AM.jpeg 1280w\" sizes=\"auto, (max-width: 819px) 100vw, 819px\" \/><\/figure>\n","protected":false},"excerpt":{"rendered":"<p>Con el prop\u00f3sito de impulsar los emprendimientos locales y dinamizar la econom\u00eda regional, este viernes 13 de marzo se realiza en Neiva el Encuentro Popular \u201cEconom\u00edas para la Vida\u201d, un&hellip; <\/p>\n","protected":false},"author":2,"featured_media":19129,"comment_status":"closed","ping_status":"open","sticky":false,"template":"","format":"standard","meta":{"_joinchat":[],"footnotes":""},"categories":[3],"tags":[],"class_list":["post-19128","post","type-post","status-publish","format-standard","has-post-thumbnail","hentry","category-comunidad"],"_links":{"self":[{"href":"https:\/\/radiosurcolombiana.com\/wp\/wp-json\/wp\/v2\/posts\/19128","targetHints":{"allow":["GET"]}}],"collection":[{"href":"https:\/\/radiosurcolombiana.com\/wp\/wp-json\/wp\/v2\/posts"}],"about":[{"href":"https:\/\/radiosurcolombiana.com\/wp\/wp-json\/wp\/v2\/types\/post"}],"author":[{"embeddable":true,"href":"https:\/\/radiosurcolombiana.com\/wp\/wp-json\/wp\/v2\/users\/2"}],"replies":[{"embeddable":true,"href":"https:\/\/radiosurcolombiana.com\/wp\/wp-json\/wp\/v2\/comments?post=19128"}],"version-history":[{"count":1,"href":"https:\/\/radiosurcolombiana.com\/wp\/wp-json\/wp\/v2\/posts\/19128\/revisions"}],"predecessor-version":[{"id":19130,"href":"https:\/\/radiosurcolombiana.com\/wp\/wp-json\/wp\/v2\/posts\/19128\/revisions\/19130"}],"wp:featuredmedia":[{"embeddable":true,"href":"https:\/\/radiosurcolombiana.com\/wp\/wp-json\/wp\/v2\/media\/19129"}],"wp:attachment":[{"href":"https:\/\/radiosurcolombiana.com\/wp\/wp-json\/wp\/v2\/media?parent=19128"}],"wp:term":[{"taxonomy":"category","embeddable":true,"href":"https:\/\/radiosurcolombiana.com\/wp\/wp-json\/wp\/v2\/categories?post=19128"},{"taxonomy":"post_tag","embeddable":true,"href":"https:\/\/radiosurcolombiana.com\/wp\/wp-json\/wp\/v2\/tags?post=19128"}],"curies":[{"name":"wp","href":"https:\/\/api.w.org\/{rel}","templated":true}]}}