{"id":19134,"date":"2026-03-13T09:22:56","date_gmt":"2026-03-13T14:22:56","guid":{"rendered":"https:\/\/radiosurcolombiana.com\/wp\/?p=19134"},"modified":"2026-03-13T09:22:56","modified_gmt":"2026-03-13T14:22:56","slug":"el-sanjuanero-huilense-busca-volver-a-sus-raices","status":"publish","type":"post","link":"https:\/\/radiosurcolombiana.com\/wp\/el-sanjuanero-huilense-busca-volver-a-sus-raices\/","title":{"rendered":"El Sanjuanero huilense busca volver a sus ra\u00edces"},"content":{"rendered":"\n<p>El tradicional Sanjuanero Huilense, una de las expresiones culturales m\u00e1s representativas del departamento del Huila, podr\u00eda experimentar ajustes en su interpretaci\u00f3n como parte de un proceso que busca recuperar sus caracter\u00edsticas originales. La discusi\u00f3n surge en medio de la construcci\u00f3n del Plan Especial de Salvaguardia, una estrategia orientada a proteger y preservar esta manifestaci\u00f3n cultural. \ufffc<\/p>\n\n\n\n<p>Este proceso, que comenz\u00f3 a desarrollarse desde 2025, incluye talleres y laboratorios con gestores culturales, investigadores y portadores de la tradici\u00f3n. Entre las propuestas analizadas se encuentra modificar el tempo o velocidad con la que se interpreta el sanjuanero, con el objetivo de acercarlo a su estilo original, que ten\u00eda una base m\u00e1s festiva influenciada por el bambuco y el rajale\u00f1a. \ufffc<\/p>\n\n\n\n<p>El tema ha generado debate entre los huilenses luego de que se difundiera un video de una interpretaci\u00f3n del baile con un ritmo m\u00e1s r\u00e1pido. Mientras algunos consideran que esta versi\u00f3n pierde elegancia y esencia, otros se\u00f1alan que, hist\u00f3ricamente, el sanjuanero ten\u00eda un car\u00e1cter m\u00e1s alegre y din\u00e1mico. \ufffc<\/p>\n\n\n\n<p>Las eventuales modificaciones deber\u00e1n ser producto de un acuerdo colectivo y quedar consignadas en el Plan Especial de Salvaguardia, que tambi\u00e9n abordar\u00e1 aspectos relacionados con los trajes t\u00edpicos y otros elementos que rodean esta tradici\u00f3n, considerada patrimonio cultural del departamento desde 2011.<\/p>\n\n\n\n<figure class=\"wp-block-image size-full\"><img loading=\"lazy\" decoding=\"async\" width=\"710\" height=\"552\" src=\"https:\/\/radiosurcolombiana.com\/wp\/wp-content\/uploads\/2026\/03\/WhatsApp-Image-2026-03-13-at-8.43.34-AM.jpeg\" alt=\"\" class=\"wp-image-19135\" srcset=\"https:\/\/radiosurcolombiana.com\/wp\/wp-content\/uploads\/2026\/03\/WhatsApp-Image-2026-03-13-at-8.43.34-AM.jpeg 710w, https:\/\/radiosurcolombiana.com\/wp\/wp-content\/uploads\/2026\/03\/WhatsApp-Image-2026-03-13-at-8.43.34-AM-300x233.jpeg 300w\" sizes=\"auto, (max-width: 710px) 100vw, 710px\" \/><\/figure>\n","protected":false},"excerpt":{"rendered":"<p>El tradicional Sanjuanero Huilense, una de las expresiones culturales m\u00e1s representativas del departamento del Huila, podr\u00eda experimentar ajustes en su interpretaci\u00f3n como parte de un proceso que busca recuperar sus&hellip; <\/p>\n","protected":false},"author":2,"featured_media":19135,"comment_status":"closed","ping_status":"open","sticky":false,"template":"","format":"standard","meta":{"_joinchat":[],"footnotes":""},"categories":[1],"tags":[],"class_list":["post-19134","post","type-post","status-publish","format-standard","has-post-thumbnail","hentry","category-politica"],"_links":{"self":[{"href":"https:\/\/radiosurcolombiana.com\/wp\/wp-json\/wp\/v2\/posts\/19134","targetHints":{"allow":["GET"]}}],"collection":[{"href":"https:\/\/radiosurcolombiana.com\/wp\/wp-json\/wp\/v2\/posts"}],"about":[{"href":"https:\/\/radiosurcolombiana.com\/wp\/wp-json\/wp\/v2\/types\/post"}],"author":[{"embeddable":true,"href":"https:\/\/radiosurcolombiana.com\/wp\/wp-json\/wp\/v2\/users\/2"}],"replies":[{"embeddable":true,"href":"https:\/\/radiosurcolombiana.com\/wp\/wp-json\/wp\/v2\/comments?post=19134"}],"version-history":[{"count":1,"href":"https:\/\/radiosurcolombiana.com\/wp\/wp-json\/wp\/v2\/posts\/19134\/revisions"}],"predecessor-version":[{"id":19136,"href":"https:\/\/radiosurcolombiana.com\/wp\/wp-json\/wp\/v2\/posts\/19134\/revisions\/19136"}],"wp:featuredmedia":[{"embeddable":true,"href":"https:\/\/radiosurcolombiana.com\/wp\/wp-json\/wp\/v2\/media\/19135"}],"wp:attachment":[{"href":"https:\/\/radiosurcolombiana.com\/wp\/wp-json\/wp\/v2\/media?parent=19134"}],"wp:term":[{"taxonomy":"category","embeddable":true,"href":"https:\/\/radiosurcolombiana.com\/wp\/wp-json\/wp\/v2\/categories?post=19134"},{"taxonomy":"post_tag","embeddable":true,"href":"https:\/\/radiosurcolombiana.com\/wp\/wp-json\/wp\/v2\/tags?post=19134"}],"curies":[{"name":"wp","href":"https:\/\/api.w.org\/{rel}","templated":true}]}}