{"id":19802,"date":"2026-04-27T09:18:03","date_gmt":"2026-04-27T14:18:03","guid":{"rendered":"https:\/\/radiosurcolombiana.com\/wp\/?p=19802"},"modified":"2026-04-27T09:18:03","modified_gmt":"2026-04-27T14:18:03","slug":"el-huila-se-tomo-la-filbo-2026-con-una-apuesta-por-la-palabra-la-paz-y-la-identidad-opita","status":"publish","type":"post","link":"https:\/\/radiosurcolombiana.com\/wp\/el-huila-se-tomo-la-filbo-2026-con-una-apuesta-por-la-palabra-la-paz-y-la-identidad-opita\/","title":{"rendered":"El Huila se tom\u00f3 la FILBo 2026 con una apuesta por la palabra, la paz y la identidad opita"},"content":{"rendered":"\n<p>Con una agenda que super\u00f3 los 40 eventos literarios y la conmemoraci\u00f3n del D\u00eda del Huila, el departamento ratific\u00f3 su protagonismo cultural durante la 38.\u00aa Feria Internacional del Libro de Bogot\u00e1. En este escenario, el gobernador Rodrigo Villalba Mosquera destac\u00f3 el papel de la literatura como eje fundamental dentro del plan de desarrollo \u201cPor un Huila Grande\u201d.<\/p>\n\n\n\n<p>El 24 de abril, la delegaci\u00f3n huilense desarroll\u00f3 una de las jornadas m\u00e1s representativas del evento, mostrando su riqueza cultural, art\u00edstica y literaria. Durante el acto central, el mandatario subray\u00f3 que la participaci\u00f3n del departamento respondi\u00f3 a una estrategia orientada a fortalecer el desarrollo humano a trav\u00e9s de la creatividad y la narraci\u00f3n, ante una audiencia que incluy\u00f3 delegaciones internacionales.<\/p>\n\n\n\n<p>En este contexto, tambi\u00e9n se resalt\u00f3 la proyecci\u00f3n del Huila en escenarios internacionales de la literatura, como la XX Bienal Internacional de Novela Jos\u00e9 Eustasio Rivera 2025, realizada en Neiva. En dicho certamen, el escritor chileno Rolando Fryderup Krause fue reconocido por su obra El crudo invierno del 91, elegida entre cientos de propuestas provenientes de distintos pa\u00edses, consolidando este concurso como un referente en Am\u00e9rica Latina.<\/p>\n\n\n\n<p>La participaci\u00f3n huilense rindi\u00f3 homenaje a figuras emblem\u00e1ticas de la literatura regional, al tiempo que dio espacio a nuevas voces y autores contempor\u00e1neos. Asimismo, se promovi\u00f3 la literatura infantil y juvenil como herramienta para la construcci\u00f3n de paz, y se cerr\u00f3 la jornada con una puesta en escena conmemorativa por los 90 a\u00f1os del Sanjuanero Huilense, reafirmando la identidad cultural del departamento en uno de los eventos literarios m\u00e1s importantes del pa\u00eds.<\/p>\n\n\n\n<figure class=\"wp-block-image size-large\"><img loading=\"lazy\" decoding=\"async\" width=\"1024\" height=\"683\" src=\"https:\/\/radiosurcolombiana.com\/wp\/wp-content\/uploads\/2026\/04\/image-127-1024x683.png\" alt=\"\" class=\"wp-image-19803\" srcset=\"https:\/\/radiosurcolombiana.com\/wp\/wp-content\/uploads\/2026\/04\/image-127-1024x683.png 1024w, https:\/\/radiosurcolombiana.com\/wp\/wp-content\/uploads\/2026\/04\/image-127-300x200.png 300w, https:\/\/radiosurcolombiana.com\/wp\/wp-content\/uploads\/2026\/04\/image-127-768x512.png 768w, https:\/\/radiosurcolombiana.com\/wp\/wp-content\/uploads\/2026\/04\/image-127.png 1280w\" sizes=\"auto, (max-width: 1024px) 100vw, 1024px\" \/><\/figure>\n","protected":false},"excerpt":{"rendered":"<p>Con una agenda que super\u00f3 los 40 eventos literarios y la conmemoraci\u00f3n del D\u00eda del Huila, el departamento ratific\u00f3 su protagonismo cultural durante la 38.\u00aa Feria Internacional del Libro de&hellip; <\/p>\n","protected":false},"author":2,"featured_media":19803,"comment_status":"closed","ping_status":"open","sticky":false,"template":"","format":"standard","meta":{"_joinchat":[],"footnotes":""},"categories":[132],"tags":[],"class_list":["post-19802","post","type-post","status-publish","format-standard","has-post-thumbnail","hentry","category-cultura"],"_links":{"self":[{"href":"https:\/\/radiosurcolombiana.com\/wp\/wp-json\/wp\/v2\/posts\/19802","targetHints":{"allow":["GET"]}}],"collection":[{"href":"https:\/\/radiosurcolombiana.com\/wp\/wp-json\/wp\/v2\/posts"}],"about":[{"href":"https:\/\/radiosurcolombiana.com\/wp\/wp-json\/wp\/v2\/types\/post"}],"author":[{"embeddable":true,"href":"https:\/\/radiosurcolombiana.com\/wp\/wp-json\/wp\/v2\/users\/2"}],"replies":[{"embeddable":true,"href":"https:\/\/radiosurcolombiana.com\/wp\/wp-json\/wp\/v2\/comments?post=19802"}],"version-history":[{"count":1,"href":"https:\/\/radiosurcolombiana.com\/wp\/wp-json\/wp\/v2\/posts\/19802\/revisions"}],"predecessor-version":[{"id":19804,"href":"https:\/\/radiosurcolombiana.com\/wp\/wp-json\/wp\/v2\/posts\/19802\/revisions\/19804"}],"wp:featuredmedia":[{"embeddable":true,"href":"https:\/\/radiosurcolombiana.com\/wp\/wp-json\/wp\/v2\/media\/19803"}],"wp:attachment":[{"href":"https:\/\/radiosurcolombiana.com\/wp\/wp-json\/wp\/v2\/media?parent=19802"}],"wp:term":[{"taxonomy":"category","embeddable":true,"href":"https:\/\/radiosurcolombiana.com\/wp\/wp-json\/wp\/v2\/categories?post=19802"},{"taxonomy":"post_tag","embeddable":true,"href":"https:\/\/radiosurcolombiana.com\/wp\/wp-json\/wp\/v2\/tags?post=19802"}],"curies":[{"name":"wp","href":"https:\/\/api.w.org\/{rel}","templated":true}]}}