{"id":19838,"date":"2026-04-29T08:46:20","date_gmt":"2026-04-29T13:46:20","guid":{"rendered":"https:\/\/radiosurcolombiana.com\/wp\/?p=19838"},"modified":"2026-04-29T08:46:22","modified_gmt":"2026-04-29T13:46:22","slug":"recuperan-motocicleta-robada-en-el-corregimiento-el-caguan-en-neiva","status":"publish","type":"post","link":"https:\/\/radiosurcolombiana.com\/wp\/recuperan-motocicleta-robada-en-el-corregimiento-el-caguan-en-neiva\/","title":{"rendered":"Recuperan motocicleta robada en el corregimiento El Cagu\u00e1n, en Neiva"},"content":{"rendered":"\n<p>Uniformados de la Polic\u00eda Nacional lograron la recuperaci\u00f3n de una motocicleta que hab\u00eda sido hurtada en el corregimiento El Cagu\u00e1n, zona rural de Neiva, gracias a la r\u00e1pida reacci\u00f3n de las autoridades y al apoyo suministrado por la comunidad.<\/p>\n\n\n\n<p>El caso se present\u00f3 en el sector de Villa Nora, donde una mujer dej\u00f3 por unos minutos su motocicleta encendida mientras cerraba la puerta de su vivienda. En ese momento, un hombre que pasaba por el lugar aprovech\u00f3 el descuido para llevarse el veh\u00edculo.<\/p>\n\n\n\n<p>Tras recibir el reporte de la v\u00edctima, integrantes de la patrulla 44 iniciaron la b\u00fasqueda apoyados por informaci\u00f3n entregada por habitantes del sector, lo que permiti\u00f3 ubicar la motocicleta poco tiempo despu\u00e9s. Seg\u00fan las autoridades, al notar la presencia policial, el presunto responsable abandon\u00f3 el automotor y escap\u00f3 hacia una zona boscosa.<\/p>\n\n\n\n<p>La motocicleta fue recuperada y posteriormente entregada a su propietaria. Desde la Polic\u00eda Metropolitana de Neiva hicieron un llamado a la ciudadan\u00eda para reforzar las medidas de autoprotecci\u00f3n y evitar situaciones que faciliten este tipo de hurtos.<\/p>\n\n\n\n<figure class=\"wp-block-image size-large\"><img loading=\"lazy\" decoding=\"async\" width=\"1024\" height=\"627\" src=\"https:\/\/radiosurcolombiana.com\/wp\/wp-content\/uploads\/2026\/04\/image-139-1024x627.png\" alt=\"\" class=\"wp-image-19839\" srcset=\"https:\/\/radiosurcolombiana.com\/wp\/wp-content\/uploads\/2026\/04\/image-139-1024x627.png 1024w, https:\/\/radiosurcolombiana.com\/wp\/wp-content\/uploads\/2026\/04\/image-139-300x184.png 300w, https:\/\/radiosurcolombiana.com\/wp\/wp-content\/uploads\/2026\/04\/image-139-768x470.png 768w, https:\/\/radiosurcolombiana.com\/wp\/wp-content\/uploads\/2026\/04\/image-139.png 1026w\" sizes=\"auto, (max-width: 1024px) 100vw, 1024px\" \/><\/figure>\n","protected":false},"excerpt":{"rendered":"<p>Uniformados de la Polic\u00eda Nacional lograron la recuperaci\u00f3n de una motocicleta que hab\u00eda sido hurtada en el corregimiento El Cagu\u00e1n, zona rural de Neiva, gracias a la r\u00e1pida reacci\u00f3n de&hellip; <\/p>\n","protected":false},"author":2,"featured_media":19839,"comment_status":"closed","ping_status":"open","sticky":false,"template":"","format":"standard","meta":{"_joinchat":[],"footnotes":""},"categories":[41],"tags":[],"class_list":["post-19838","post","type-post","status-publish","format-standard","has-post-thumbnail","hentry","category-judicial"],"_links":{"self":[{"href":"https:\/\/radiosurcolombiana.com\/wp\/wp-json\/wp\/v2\/posts\/19838","targetHints":{"allow":["GET"]}}],"collection":[{"href":"https:\/\/radiosurcolombiana.com\/wp\/wp-json\/wp\/v2\/posts"}],"about":[{"href":"https:\/\/radiosurcolombiana.com\/wp\/wp-json\/wp\/v2\/types\/post"}],"author":[{"embeddable":true,"href":"https:\/\/radiosurcolombiana.com\/wp\/wp-json\/wp\/v2\/users\/2"}],"replies":[{"embeddable":true,"href":"https:\/\/radiosurcolombiana.com\/wp\/wp-json\/wp\/v2\/comments?post=19838"}],"version-history":[{"count":1,"href":"https:\/\/radiosurcolombiana.com\/wp\/wp-json\/wp\/v2\/posts\/19838\/revisions"}],"predecessor-version":[{"id":19840,"href":"https:\/\/radiosurcolombiana.com\/wp\/wp-json\/wp\/v2\/posts\/19838\/revisions\/19840"}],"wp:featuredmedia":[{"embeddable":true,"href":"https:\/\/radiosurcolombiana.com\/wp\/wp-json\/wp\/v2\/media\/19839"}],"wp:attachment":[{"href":"https:\/\/radiosurcolombiana.com\/wp\/wp-json\/wp\/v2\/media?parent=19838"}],"wp:term":[{"taxonomy":"category","embeddable":true,"href":"https:\/\/radiosurcolombiana.com\/wp\/wp-json\/wp\/v2\/categories?post=19838"},{"taxonomy":"post_tag","embeddable":true,"href":"https:\/\/radiosurcolombiana.com\/wp\/wp-json\/wp\/v2\/tags?post=19838"}],"curies":[{"name":"wp","href":"https:\/\/api.w.org\/{rel}","templated":true}]}}