{"id":19841,"date":"2026-04-29T08:46:52","date_gmt":"2026-04-29T13:46:52","guid":{"rendered":"https:\/\/radiosurcolombiana.com\/wp\/?p=19841"},"modified":"2026-04-29T08:46:53","modified_gmt":"2026-04-29T13:46:53","slug":"investigan-a-interno-de-carcel-en-ibague-por-presuntas-extorsiones-contra-comunidad-rural-de-guadalupe","status":"publish","type":"post","link":"https:\/\/radiosurcolombiana.com\/wp\/investigan-a-interno-de-carcel-en-ibague-por-presuntas-extorsiones-contra-comunidad-rural-de-guadalupe\/","title":{"rendered":"Investigan a interno de c\u00e1rcel en Ibagu\u00e9 por presuntas extorsiones contra comunidad rural de Guadalupe"},"content":{"rendered":"\n<p>La Polic\u00eda Nacional, a trav\u00e9s del GAULA Huila y Tolima, adelant\u00f3 una diligencia de inspecci\u00f3n en un centro carcelario del municipio de Ibagu\u00e9, donde fue intervenido un privado de la libertad se\u00f1alado de estar presuntamente vinculado con llamadas extorsivas y amenazas dirigidas a habitantes de la zona rural de Guadalupe, en el departamento del Huila.<\/p>\n\n\n\n<p>Seg\u00fan las autoridades, las intimidaciones estar\u00edan siendo realizadas contra campesinos, docentes y personal administrativo de instituciones educativas, generando preocupaci\u00f3n entre las comunidades afectadas. La investigaci\u00f3n busca establecer la posible participaci\u00f3n del interno en estos hechos que alteraban la tranquilidad de la regi\u00f3n.<\/p>\n\n\n\n<p>Durante el procedimiento, los uniformados encontraron un tel\u00e9fono celular y varios documentos considerados material probatorio relevante dentro del proceso investigativo. Estos elementos ser\u00e1n analizados por las autoridades judiciales para determinar el alcance de las presuntas acciones delictivas.<\/p>\n\n\n\n<p>La diligencia se desarroll\u00f3 de manera articulada entre la Polic\u00eda Nacional y el Instituto Nacional Penitenciario y Carcelario (INPEC), como parte de las estrategias para combatir el delito de extorsi\u00f3n desde los centros de reclusi\u00f3n. Las autoridades reiteraron el llamado a la ciudadan\u00eda para denunciar cualquier caso relacionado con este delito a trav\u00e9s de las l\u00edneas 165 y 123.<\/p>\n\n\n\n<figure class=\"wp-block-image size-large\"><img loading=\"lazy\" decoding=\"async\" width=\"473\" height=\"1024\" src=\"https:\/\/radiosurcolombiana.com\/wp\/wp-content\/uploads\/2026\/04\/image-140-473x1024.png\" alt=\"\" class=\"wp-image-19842\" srcset=\"https:\/\/radiosurcolombiana.com\/wp\/wp-content\/uploads\/2026\/04\/image-140-473x1024.png 473w, https:\/\/radiosurcolombiana.com\/wp\/wp-content\/uploads\/2026\/04\/image-140-139x300.png 139w, https:\/\/radiosurcolombiana.com\/wp\/wp-content\/uploads\/2026\/04\/image-140.png 591w\" sizes=\"auto, (max-width: 473px) 100vw, 473px\" \/><\/figure>\n","protected":false},"excerpt":{"rendered":"<p>La Polic\u00eda Nacional, a trav\u00e9s del GAULA Huila y Tolima, adelant\u00f3 una diligencia de inspecci\u00f3n en un centro carcelario del municipio de Ibagu\u00e9, donde fue intervenido un privado de la&hellip; <\/p>\n","protected":false},"author":2,"featured_media":19842,"comment_status":"closed","ping_status":"open","sticky":false,"template":"","format":"standard","meta":{"_joinchat":[],"footnotes":""},"categories":[41],"tags":[],"class_list":["post-19841","post","type-post","status-publish","format-standard","has-post-thumbnail","hentry","category-judicial"],"_links":{"self":[{"href":"https:\/\/radiosurcolombiana.com\/wp\/wp-json\/wp\/v2\/posts\/19841","targetHints":{"allow":["GET"]}}],"collection":[{"href":"https:\/\/radiosurcolombiana.com\/wp\/wp-json\/wp\/v2\/posts"}],"about":[{"href":"https:\/\/radiosurcolombiana.com\/wp\/wp-json\/wp\/v2\/types\/post"}],"author":[{"embeddable":true,"href":"https:\/\/radiosurcolombiana.com\/wp\/wp-json\/wp\/v2\/users\/2"}],"replies":[{"embeddable":true,"href":"https:\/\/radiosurcolombiana.com\/wp\/wp-json\/wp\/v2\/comments?post=19841"}],"version-history":[{"count":1,"href":"https:\/\/radiosurcolombiana.com\/wp\/wp-json\/wp\/v2\/posts\/19841\/revisions"}],"predecessor-version":[{"id":19843,"href":"https:\/\/radiosurcolombiana.com\/wp\/wp-json\/wp\/v2\/posts\/19841\/revisions\/19843"}],"wp:featuredmedia":[{"embeddable":true,"href":"https:\/\/radiosurcolombiana.com\/wp\/wp-json\/wp\/v2\/media\/19842"}],"wp:attachment":[{"href":"https:\/\/radiosurcolombiana.com\/wp\/wp-json\/wp\/v2\/media?parent=19841"}],"wp:term":[{"taxonomy":"category","embeddable":true,"href":"https:\/\/radiosurcolombiana.com\/wp\/wp-json\/wp\/v2\/categories?post=19841"},{"taxonomy":"post_tag","embeddable":true,"href":"https:\/\/radiosurcolombiana.com\/wp\/wp-json\/wp\/v2\/tags?post=19841"}],"curies":[{"name":"wp","href":"https:\/\/api.w.org\/{rel}","templated":true}]}}