{"id":19844,"date":"2026-04-29T08:47:44","date_gmt":"2026-04-29T13:47:44","guid":{"rendered":"https:\/\/radiosurcolombiana.com\/wp\/?p=19844"},"modified":"2026-04-29T08:47:47","modified_gmt":"2026-04-29T13:47:47","slug":"asamblea-del-huila-pidio-fortalecer-la-competitividad-del-aguardiente-doble-anis","status":"publish","type":"post","link":"https:\/\/radiosurcolombiana.com\/wp\/asamblea-del-huila-pidio-fortalecer-la-competitividad-del-aguardiente-doble-anis\/","title":{"rendered":"Asamblea del Huila pidi\u00f3 fortalecer la competitividad del Aguardiente Doble An\u00eds"},"content":{"rendered":"\n<p>La Asamblea Departamental del Huila adelant\u00f3 un debate de control pol\u00edtico para revisar los avances y resultados derivados de la Ordenanza 012 de 2025, relacionada con la negociaci\u00f3n entre el Gobierno Departamental y la Industria Licorera de Antioquia.<\/p>\n\n\n\n<p>Durante la sesi\u00f3n, los diputados solicitaron a las secretar\u00edas de Hacienda, Gobierno y a la oficina de Contrataci\u00f3n un informe detallado sobre el comportamiento financiero y las estrategias comerciales del Aguardiente Doble An\u00eds. El prop\u00f3sito fue conocer el estado actual de la marca y las acciones implementadas para mantener su presencia en el mercado.<\/p>\n\n\n\n<p>En medio del debate, varios corporados insistieron en la necesidad de fortalecer el posicionamiento del producto mediante campa\u00f1as publicitarias m\u00e1s agresivas y estrategias de mercadeo que permitan competir en igualdad de condiciones frente a otras marcas de aguardiente a nivel nacional. Seg\u00fan se\u00f1alaron, en el actual escenario de libre competencia resulta fundamental proteger las rentas del departamento a trav\u00e9s del fortalecimiento comercial de la marca regional.<\/p>\n\n\n\n<p>Las funcionarias citadas respondieron a las inquietudes relacionadas con ventas, contratos y comportamiento del mercado, entregando informaci\u00f3n sobre el estado del proceso. Al finalizar la jornada, la Asamblea tambi\u00e9n realiz\u00f3 un reconocimiento especial al artista huilense Gilberth Andr\u00e9s Fierro Ram\u00edrez, conocido como \u201cGilany\u201d, por su aporte a la cultura y la m\u00fasica regional.<\/p>\n\n\n\n<figure class=\"wp-block-image size-large\"><img loading=\"lazy\" decoding=\"async\" width=\"1024\" height=\"682\" src=\"https:\/\/radiosurcolombiana.com\/wp\/wp-content\/uploads\/2026\/04\/image-141-1024x682.png\" alt=\"\" class=\"wp-image-19845\" srcset=\"https:\/\/radiosurcolombiana.com\/wp\/wp-content\/uploads\/2026\/04\/image-141-1024x682.png 1024w, https:\/\/radiosurcolombiana.com\/wp\/wp-content\/uploads\/2026\/04\/image-141-300x200.png 300w, https:\/\/radiosurcolombiana.com\/wp\/wp-content\/uploads\/2026\/04\/image-141-768x512.png 768w, https:\/\/radiosurcolombiana.com\/wp\/wp-content\/uploads\/2026\/04\/image-141-1536x1023.png 1536w, https:\/\/radiosurcolombiana.com\/wp\/wp-content\/uploads\/2026\/04\/image-141.png 1600w\" sizes=\"auto, (max-width: 1024px) 100vw, 1024px\" \/><\/figure>\n","protected":false},"excerpt":{"rendered":"<p>La Asamblea Departamental del Huila adelant\u00f3 un debate de control pol\u00edtico para revisar los avances y resultados derivados de la Ordenanza 012 de 2025, relacionada con la negociaci\u00f3n entre el&hellip; <\/p>\n","protected":false},"author":2,"featured_media":19845,"comment_status":"closed","ping_status":"open","sticky":false,"template":"","format":"standard","meta":{"_joinchat":[],"footnotes":""},"categories":[1],"tags":[],"class_list":["post-19844","post","type-post","status-publish","format-standard","has-post-thumbnail","hentry","category-politica"],"_links":{"self":[{"href":"https:\/\/radiosurcolombiana.com\/wp\/wp-json\/wp\/v2\/posts\/19844","targetHints":{"allow":["GET"]}}],"collection":[{"href":"https:\/\/radiosurcolombiana.com\/wp\/wp-json\/wp\/v2\/posts"}],"about":[{"href":"https:\/\/radiosurcolombiana.com\/wp\/wp-json\/wp\/v2\/types\/post"}],"author":[{"embeddable":true,"href":"https:\/\/radiosurcolombiana.com\/wp\/wp-json\/wp\/v2\/users\/2"}],"replies":[{"embeddable":true,"href":"https:\/\/radiosurcolombiana.com\/wp\/wp-json\/wp\/v2\/comments?post=19844"}],"version-history":[{"count":1,"href":"https:\/\/radiosurcolombiana.com\/wp\/wp-json\/wp\/v2\/posts\/19844\/revisions"}],"predecessor-version":[{"id":19846,"href":"https:\/\/radiosurcolombiana.com\/wp\/wp-json\/wp\/v2\/posts\/19844\/revisions\/19846"}],"wp:featuredmedia":[{"embeddable":true,"href":"https:\/\/radiosurcolombiana.com\/wp\/wp-json\/wp\/v2\/media\/19845"}],"wp:attachment":[{"href":"https:\/\/radiosurcolombiana.com\/wp\/wp-json\/wp\/v2\/media?parent=19844"}],"wp:term":[{"taxonomy":"category","embeddable":true,"href":"https:\/\/radiosurcolombiana.com\/wp\/wp-json\/wp\/v2\/categories?post=19844"},{"taxonomy":"post_tag","embeddable":true,"href":"https:\/\/radiosurcolombiana.com\/wp\/wp-json\/wp\/v2\/tags?post=19844"}],"curies":[{"name":"wp","href":"https:\/\/api.w.org\/{rel}","templated":true}]}}