{"id":19859,"date":"2026-04-30T08:33:57","date_gmt":"2026-04-30T13:33:57","guid":{"rendered":"https:\/\/radiosurcolombiana.com\/wp\/?p=19859"},"modified":"2026-04-30T08:33:57","modified_gmt":"2026-04-30T13:33:57","slug":"alcaldia-anuncio-intervencion-en-la-ie-rodrigo-lara-bonilla-por-problemas-de-inundaciones","status":"publish","type":"post","link":"https:\/\/radiosurcolombiana.com\/wp\/alcaldia-anuncio-intervencion-en-la-ie-rodrigo-lara-bonilla-por-problemas-de-inundaciones\/","title":{"rendered":"Alcald\u00eda anunci\u00f3 intervenci\u00f3n en la IE Rodrigo Lara Bonilla por problemas de inundaciones"},"content":{"rendered":"\n<p>Tras las denuncias y protestas realizadas por estudiantes de la Instituci\u00f3n Educativa Rodrigo Lara Bonilla, en Neiva, la Alcald\u00eda despleg\u00f3 una comisi\u00f3n t\u00e9cnica para evaluar los da\u00f1os y definir acciones frente a las afectaciones que presenta la infraestructura del plantel.<\/p>\n\n\n\n<p>La visita fue liderada por la Secretar\u00eda de Educaci\u00f3n y cont\u00f3 con la participaci\u00f3n de representantes de la Personer\u00eda, la Secretar\u00eda de Paz y Derechos Humanos, delegados de la Gobernaci\u00f3n del Huila, padres de familia y estudiantes. Durante el recorrido se inspeccionaron aulas, pasillos y zonas afectadas por filtraciones e inundaciones que han complicado el desarrollo normal de las clases.<\/p>\n\n\n\n<p>De acuerdo con el informe preliminar, los principales problemas est\u00e1n relacionados con el deterioro de cubiertas, fallas en el sistema de drenaje y deficiencias en la evacuaci\u00f3n de aguas lluvias, situaci\u00f3n que se agrav\u00f3 con las recientes precipitaciones. Las autoridades anunciaron una intervenci\u00f3n inicial para limpiar canales, reparar filtraciones y atender los puntos m\u00e1s cr\u00edticos de manera inmediata.<\/p>\n\n\n\n<p>Adem\u00e1s, la Administraci\u00f3n Municipal indic\u00f3 que se trabajar\u00e1 en un proyecto de mayor alcance para renovar techos y mejorar las redes de alcantarillado pluvial del colegio. Tambi\u00e9n se evaluar\u00e1n obras en las v\u00edas cercanas, debido a que el estancamiento de agua en el sector estar\u00eda contribuyendo a las afectaciones dentro de la instituci\u00f3n educativa.<\/p>\n\n\n\n<figure class=\"wp-block-image size-large\"><img loading=\"lazy\" decoding=\"async\" width=\"768\" height=\"1024\" src=\"https:\/\/radiosurcolombiana.com\/wp\/wp-content\/uploads\/2026\/04\/image-146-768x1024.png\" alt=\"\" class=\"wp-image-19860\" srcset=\"https:\/\/radiosurcolombiana.com\/wp\/wp-content\/uploads\/2026\/04\/image-146-768x1024.png 768w, https:\/\/radiosurcolombiana.com\/wp\/wp-content\/uploads\/2026\/04\/image-146-225x300.png 225w, https:\/\/radiosurcolombiana.com\/wp\/wp-content\/uploads\/2026\/04\/image-146.png 960w\" sizes=\"auto, (max-width: 768px) 100vw, 768px\" \/><\/figure>\n","protected":false},"excerpt":{"rendered":"<p>Tras las denuncias y protestas realizadas por estudiantes de la Instituci\u00f3n Educativa Rodrigo Lara Bonilla, en Neiva, la Alcald\u00eda despleg\u00f3 una comisi\u00f3n t\u00e9cnica para evaluar los da\u00f1os y definir acciones&hellip; <\/p>\n","protected":false},"author":2,"featured_media":19860,"comment_status":"closed","ping_status":"open","sticky":false,"template":"","format":"standard","meta":{"_joinchat":[],"footnotes":""},"categories":[18],"tags":[],"class_list":["post-19859","post","type-post","status-publish","format-standard","has-post-thumbnail","hentry","category-ciudad"],"_links":{"self":[{"href":"https:\/\/radiosurcolombiana.com\/wp\/wp-json\/wp\/v2\/posts\/19859","targetHints":{"allow":["GET"]}}],"collection":[{"href":"https:\/\/radiosurcolombiana.com\/wp\/wp-json\/wp\/v2\/posts"}],"about":[{"href":"https:\/\/radiosurcolombiana.com\/wp\/wp-json\/wp\/v2\/types\/post"}],"author":[{"embeddable":true,"href":"https:\/\/radiosurcolombiana.com\/wp\/wp-json\/wp\/v2\/users\/2"}],"replies":[{"embeddable":true,"href":"https:\/\/radiosurcolombiana.com\/wp\/wp-json\/wp\/v2\/comments?post=19859"}],"version-history":[{"count":1,"href":"https:\/\/radiosurcolombiana.com\/wp\/wp-json\/wp\/v2\/posts\/19859\/revisions"}],"predecessor-version":[{"id":19861,"href":"https:\/\/radiosurcolombiana.com\/wp\/wp-json\/wp\/v2\/posts\/19859\/revisions\/19861"}],"wp:featuredmedia":[{"embeddable":true,"href":"https:\/\/radiosurcolombiana.com\/wp\/wp-json\/wp\/v2\/media\/19860"}],"wp:attachment":[{"href":"https:\/\/radiosurcolombiana.com\/wp\/wp-json\/wp\/v2\/media?parent=19859"}],"wp:term":[{"taxonomy":"category","embeddable":true,"href":"https:\/\/radiosurcolombiana.com\/wp\/wp-json\/wp\/v2\/categories?post=19859"},{"taxonomy":"post_tag","embeddable":true,"href":"https:\/\/radiosurcolombiana.com\/wp\/wp-json\/wp\/v2\/tags?post=19859"}],"curies":[{"name":"wp","href":"https:\/\/api.w.org\/{rel}","templated":true}]}}