{"id":21374,"date":"2026-09-03T08:53:19","date_gmt":"2026-09-03T13:53:19","guid":{"rendered":"https:\/\/radiosurcolombiana.com\/wp\/?p=21374"},"modified":"2026-09-03T08:53:19","modified_gmt":"2026-09-03T13:53:19","slug":"alerta-en-el-huila-ocho-municipios-son-monitoreados-por-disminucion-en-los-niveles-de-agua","status":"publish","type":"post","link":"https:\/\/radiosurcolombiana.com\/wp\/alerta-en-el-huila-ocho-municipios-son-monitoreados-por-disminucion-en-los-niveles-de-agua\/","title":{"rendered":"Alerta en el Huila: ocho municipios son monitoreados por disminuci\u00f3n en los niveles de agua"},"content":{"rendered":"\n<p class=\"wp-block-paragraph\">Las autoridades del Huila mantienen bajo monitoreo a varios municipios del departamento ante la disminuci\u00f3n en los niveles de algunos afluentes h\u00eddricos, una situaci\u00f3n que genera preocupaci\u00f3n por el posible impacto sobre el abastecimiento de agua para las comunidades.<\/p>\n\n\n\n<p class=\"wp-block-paragraph\">En total, <strong>ocho municipios son objeto de seguimiento especial<\/strong> debido a los bajos niveles registrados en fuentes h\u00eddricas que resultan fundamentales para el suministro de agua y diferentes actividades desarrolladas en estos territorios.<\/p>\n\n\n\n<p class=\"wp-block-paragraph\">La situaci\u00f3n se presenta en medio de las condiciones clim\u00e1ticas que enfrenta el departamento y de las alertas relacionadas con la posible reducci\u00f3n de los caudales, un escenario que podr\u00eda generar dificultades si la temporada seca se intensifica.<\/p>\n\n\n\n<h2 class=\"wp-block-heading\">Monitoreo permanente<\/h2>\n\n\n\n<p class=\"wp-block-paragraph\">Las autoridades adelantan seguimiento a las fuentes h\u00eddricas para conocer la evoluci\u00f3n de sus niveles y establecer oportunamente las medidas necesarias frente a un eventual riesgo de desabastecimiento.<\/p>\n\n\n\n<p class=\"wp-block-paragraph\">El monitoreo busca identificar posibles afectaciones en los municipios y activar acciones preventivas antes de que la disminuci\u00f3n de los caudales pueda generar una emergencia para las comunidades.<\/p>\n\n\n\n<p class=\"wp-block-paragraph\">La reducci\u00f3n en el nivel de los r\u00edos y quebradas tambi\u00e9n puede tener consecuencias sobre sectores como la agricultura y otras actividades que dependen directamente del recurso h\u00eddrico.<\/p>\n\n\n\n<h2 class=\"wp-block-heading\">Llamado al uso responsable del agua<\/h2>\n\n\n\n<p class=\"wp-block-paragraph\">Ante este panorama, las autoridades han reiterado la importancia de hacer un uso responsable y racional del agua, especialmente durante los periodos en los que las altas temperaturas y la reducci\u00f3n de las lluvias pueden afectar la disponibilidad del recurso.<\/p>\n\n\n\n<p class=\"wp-block-paragraph\">El seguimiento a los ocho municipios continuar\u00e1 mientras las entidades responsables analizan el comportamiento de los afluentes y las condiciones clim\u00e1ticas que podr\u00edan influir en la disponibilidad de agua durante los pr\u00f3ximos meses.<\/p>\n\n\n\n<p class=\"wp-block-paragraph\">La situaci\u00f3n vuelve a poner sobre la mesa la importancia de adoptar medidas de prevenci\u00f3n y fortalecer las estrategias para proteger las fuentes h\u00eddricas del Huila.<\/p>\n\n\n\n<figure class=\"wp-block-image size-full\"><img loading=\"lazy\" decoding=\"async\" width=\"695\" height=\"271\" src=\"https:\/\/radiosurcolombiana.com\/wp\/wp-content\/uploads\/2026\/09\/Captura-de-pantalla-2026-09-03-084919.png\" alt=\"\" class=\"wp-image-21390\" srcset=\"https:\/\/radiosurcolombiana.com\/wp\/wp-content\/uploads\/2026\/09\/Captura-de-pantalla-2026-09-03-084919.png 695w, https:\/\/radiosurcolombiana.com\/wp\/wp-content\/uploads\/2026\/09\/Captura-de-pantalla-2026-09-03-084919-300x117.png 300w\" sizes=\"auto, (max-width: 695px) 100vw, 695px\" \/><\/figure>\n","protected":false},"excerpt":{"rendered":"<p>Las autoridades del Huila mantienen bajo monitoreo a varios municipios del departamento ante la disminuci\u00f3n en los niveles de algunos afluentes h\u00eddricos, una situaci\u00f3n que genera preocupaci\u00f3n por el posible&hellip; <\/p>\n","protected":false},"author":2,"featured_media":21390,"comment_status":"closed","ping_status":"open","sticky":false,"template":"","format":"standard","meta":{"_joinchat":[],"footnotes":""},"categories":[137],"tags":[],"class_list":["post-21374","post","type-post","status-publish","format-standard","has-post-thumbnail","hentry","category-huila"],"_links":{"self":[{"href":"https:\/\/radiosurcolombiana.com\/wp\/wp-json\/wp\/v2\/posts\/21374","targetHints":{"allow":["GET"]}}],"collection":[{"href":"https:\/\/radiosurcolombiana.com\/wp\/wp-json\/wp\/v2\/posts"}],"about":[{"href":"https:\/\/radiosurcolombiana.com\/wp\/wp-json\/wp\/v2\/types\/post"}],"author":[{"embeddable":true,"href":"https:\/\/radiosurcolombiana.com\/wp\/wp-json\/wp\/v2\/users\/2"}],"replies":[{"embeddable":true,"href":"https:\/\/radiosurcolombiana.com\/wp\/wp-json\/wp\/v2\/comments?post=21374"}],"version-history":[{"count":1,"href":"https:\/\/radiosurcolombiana.com\/wp\/wp-json\/wp\/v2\/posts\/21374\/revisions"}],"predecessor-version":[{"id":21391,"href":"https:\/\/radiosurcolombiana.com\/wp\/wp-json\/wp\/v2\/posts\/21374\/revisions\/21391"}],"wp:featuredmedia":[{"embeddable":true,"href":"https:\/\/radiosurcolombiana.com\/wp\/wp-json\/wp\/v2\/media\/21390"}],"wp:attachment":[{"href":"https:\/\/radiosurcolombiana.com\/wp\/wp-json\/wp\/v2\/media?parent=21374"}],"wp:term":[{"taxonomy":"category","embeddable":true,"href":"https:\/\/radiosurcolombiana.com\/wp\/wp-json\/wp\/v2\/categories?post=21374"},{"taxonomy":"post_tag","embeddable":true,"href":"https:\/\/radiosurcolombiana.com\/wp\/wp-json\/wp\/v2\/tags?post=21374"}],"curies":[{"name":"wp","href":"https:\/\/api.w.org\/{rel}","templated":true}]}}