{"id":21381,"date":"2026-09-03T08:40:55","date_gmt":"2026-09-03T13:40:55","guid":{"rendered":"https:\/\/radiosurcolombiana.com\/wp\/?p=21381"},"modified":"2026-09-03T08:40:56","modified_gmt":"2026-09-03T13:40:56","slug":"la-busqueda-de-anyi-piamba-termino-en-tragedia-y-ahora-su-familia-pide-respuestas","status":"publish","type":"post","link":"https:\/\/radiosurcolombiana.com\/wp\/la-busqueda-de-anyi-piamba-termino-en-tragedia-y-ahora-su-familia-pide-respuestas\/","title":{"rendered":"La b\u00fasqueda de Anyi Piamba termin\u00f3 en tragedia y ahora su familia pide respuestas"},"content":{"rendered":"\n<p class=\"wp-block-paragraph\">La desaparici\u00f3n de <strong>Anyi Marcela Piamba Piamba, de 14 a\u00f1os<\/strong>, termin\u00f3 en tragedia luego de que su cuerpo fuera encontrado a orillas del r\u00edo Magdalena, en jurisdicci\u00f3n de la vereda El Carmen, sector conocido como El Remolino, en el municipio de Isnos.<\/p>\n\n\n\n<p class=\"wp-block-paragraph\">La noticia caus\u00f3 profunda conmoci\u00f3n entre familiares, amigos y habitantes de San Agust\u00edn y otras zonas del sur del Huila, quienes ahora esperan que las autoridades puedan esclarecer qu\u00e9 ocurri\u00f3 durante las horas en las que la menor estuvo desaparecida.<\/p>\n\n\n\n<p class=\"wp-block-paragraph\">Anyi Marcela era conocida por su afici\u00f3n al f\u00fatbol y hac\u00eda parte de procesos de formaci\u00f3n deportiva. Su desaparici\u00f3n se produjo el <strong>domingo 23 de agosto<\/strong>, cuando sali\u00f3 en horas de la ma\u00f1ana en el municipio de San Agust\u00edn.<\/p>\n\n\n\n<h2 class=\"wp-block-heading\">El \u00faltimo lugar donde fue vista<\/h2>\n\n\n\n<p class=\"wp-block-paragraph\">De acuerdo con el relato entregado por sus familiares, aproximadamente a las <strong>9:30 de la ma\u00f1ana<\/strong>, Anyi lleg\u00f3 hasta la galer\u00eda de San Agust\u00edn para entregar las llaves de la habitaci\u00f3n donde ella y su familia acostumbraban hospedarse cuando se desplazaban desde la zona rural hasta el casco urbano.<\/p>\n\n\n\n<p class=\"wp-block-paragraph\">En ese lugar se encontraba trabajando Rodolfo, el celador de la galer\u00eda, quien se convirti\u00f3 en la \u00faltima persona que habr\u00eda visto a la adolescente antes de su desaparici\u00f3n.<\/p>\n\n\n\n<p class=\"wp-block-paragraph\">Seg\u00fan la informaci\u00f3n conocida, el encuentro fue breve. El hombre recibi\u00f3 las llaves y no habr\u00eda observado alguna situaci\u00f3n que llamara especialmente su atenci\u00f3n. Posteriormente, Anyi sali\u00f3 del lugar y se perdi\u00f3 su rastro.<\/p>\n\n\n\n<h2 class=\"wp-block-heading\">Una comunicaci\u00f3n se convirti\u00f3 en la \u00faltima pista<\/h2>\n\n\n\n<p class=\"wp-block-paragraph\">Familiares y amigos comenzaron a reconstruir sus \u00faltimos movimientos a partir de las llamadas y conversaciones que la menor sostuvo durante ese d\u00eda.<\/p>\n\n\n\n<p class=\"wp-block-paragraph\">Una de las \u00faltimas comunicaciones conocidas se produjo hacia las <strong>6:38 de la tarde<\/strong>. Seg\u00fan sus allegados, durante ese contacto Anyi habr\u00eda manifestado que se encontraba en inmediaciones del <strong>Parque La Florida<\/strong>, en San Agust\u00edn.<\/p>\n\n\n\n<p class=\"wp-block-paragraph\">Olga Marcela Piamba, t\u00eda de la menor, explic\u00f3 que esa comunicaci\u00f3n se convirti\u00f3 en uno de los \u00faltimos indicios que tuvo la familia sobre su paradero.<\/p>\n\n\n\n<p class=\"wp-block-paragraph\">En el audio, seg\u00fan relat\u00f3 la familiar, se escuchaba m\u00fasica de fondo. Tambi\u00e9n se conoci\u00f3 que Anyi realiz\u00f3 algunas llamadas y mantuvo conversaciones a trav\u00e9s de redes sociales antes de que se perdiera definitivamente el contacto con ella.<\/p>\n\n\n\n<h2 class=\"wp-block-heading\">La familia espera que se esclarezca lo ocurrido<\/h2>\n\n\n\n<p class=\"wp-block-paragraph\">Tras conocerse el hallazgo de la menor, la familia y la comunidad han expresado su preocupaci\u00f3n y solicitan que se establezca con precisi\u00f3n qu\u00e9 ocurri\u00f3 entre el momento en que Anyi fue vista por \u00faltima vez y el lugar donde posteriormente fue encontrada.<\/p>\n\n\n\n<p class=\"wp-block-paragraph\">Algunas hip\u00f3tesis han sido planteadas por sus familiares, pero <strong>hasta el momento no existe una conclusi\u00f3n oficial que permita establecer las circunstancias en las que muri\u00f3 la adolescente<\/strong>.<\/p>\n\n\n\n<p class=\"wp-block-paragraph\">Las autoridades deber\u00e1n avanzar en la investigaci\u00f3n y determinar qu\u00e9 personas pudieron haber tenido contacto con ella durante las \u00faltimas horas en las que permaneci\u00f3 desaparecida.<\/p>\n\n\n\n<p class=\"wp-block-paragraph\">El caso ha generado un fuerte llamado de la comunidad de San Agust\u00edn y del sur del Huila para que la investigaci\u00f3n permita conocer la verdad y establecer responsabilidades, si las hubiera.<\/p>\n\n\n\n<p class=\"wp-block-paragraph\">Mientras tanto, el recuerdo de Anyi permanece entre quienes la conocieron, especialmente por su pasi\u00f3n por el f\u00fatbol y su participaci\u00f3n en escuelas deportivas.<\/p>\n\n\n\n<figure class=\"wp-block-image size-full\"><img loading=\"lazy\" decoding=\"async\" width=\"654\" height=\"436\" src=\"https:\/\/radiosurcolombiana.com\/wp\/wp-content\/uploads\/2026\/09\/FOTO-1.jpeg\" alt=\"\" class=\"wp-image-21382\" srcset=\"https:\/\/radiosurcolombiana.com\/wp\/wp-content\/uploads\/2026\/09\/FOTO-1.jpeg 654w, https:\/\/radiosurcolombiana.com\/wp\/wp-content\/uploads\/2026\/09\/FOTO-1-300x200.jpeg 300w\" sizes=\"auto, (max-width: 654px) 100vw, 654px\" \/><\/figure>\n","protected":false},"excerpt":{"rendered":"<p>La desaparici\u00f3n de Anyi Marcela Piamba Piamba, de 14 a\u00f1os, termin\u00f3 en tragedia luego de que su cuerpo fuera encontrado a orillas del r\u00edo Magdalena, en jurisdicci\u00f3n de la vereda&hellip; <\/p>\n","protected":false},"author":2,"featured_media":21382,"comment_status":"closed","ping_status":"open","sticky":false,"template":"","format":"standard","meta":{"_joinchat":[],"footnotes":""},"categories":[41],"tags":[],"class_list":["post-21381","post","type-post","status-publish","format-standard","has-post-thumbnail","hentry","category-judicial"],"_links":{"self":[{"href":"https:\/\/radiosurcolombiana.com\/wp\/wp-json\/wp\/v2\/posts\/21381","targetHints":{"allow":["GET"]}}],"collection":[{"href":"https:\/\/radiosurcolombiana.com\/wp\/wp-json\/wp\/v2\/posts"}],"about":[{"href":"https:\/\/radiosurcolombiana.com\/wp\/wp-json\/wp\/v2\/types\/post"}],"author":[{"embeddable":true,"href":"https:\/\/radiosurcolombiana.com\/wp\/wp-json\/wp\/v2\/users\/2"}],"replies":[{"embeddable":true,"href":"https:\/\/radiosurcolombiana.com\/wp\/wp-json\/wp\/v2\/comments?post=21381"}],"version-history":[{"count":1,"href":"https:\/\/radiosurcolombiana.com\/wp\/wp-json\/wp\/v2\/posts\/21381\/revisions"}],"predecessor-version":[{"id":21383,"href":"https:\/\/radiosurcolombiana.com\/wp\/wp-json\/wp\/v2\/posts\/21381\/revisions\/21383"}],"wp:featuredmedia":[{"embeddable":true,"href":"https:\/\/radiosurcolombiana.com\/wp\/wp-json\/wp\/v2\/media\/21382"}],"wp:attachment":[{"href":"https:\/\/radiosurcolombiana.com\/wp\/wp-json\/wp\/v2\/media?parent=21381"}],"wp:term":[{"taxonomy":"category","embeddable":true,"href":"https:\/\/radiosurcolombiana.com\/wp\/wp-json\/wp\/v2\/categories?post=21381"},{"taxonomy":"post_tag","embeddable":true,"href":"https:\/\/radiosurcolombiana.com\/wp\/wp-json\/wp\/v2\/tags?post=21381"}],"curies":[{"name":"wp","href":"https:\/\/api.w.org\/{rel}","templated":true}]}}