{"id":21402,"date":"2026-09-04T08:28:53","date_gmt":"2026-09-04T13:28:53","guid":{"rendered":"https:\/\/radiosurcolombiana.com\/wp\/?p=21402"},"modified":"2026-09-04T08:28:54","modified_gmt":"2026-09-04T13:28:54","slug":"muere-joven-motociclista-tras-fuerte-choque-en-la-via-pitalito-palestina","status":"publish","type":"post","link":"https:\/\/radiosurcolombiana.com\/wp\/muere-joven-motociclista-tras-fuerte-choque-en-la-via-pitalito-palestina\/","title":{"rendered":"Muere joven motociclista tras fuerte choque en la v\u00eda Pitalito\u2013Palestina"},"content":{"rendered":"\n<p class=\"wp-block-paragraph\">Un joven motociclista perdi\u00f3 la vida luego de verse involucrado en un fuerte accidente de tr\u00e1nsito ocurrido en el municipio de <strong>Pitalito<\/strong>, en el sur del Huila.<\/p>\n\n\n\n<p class=\"wp-block-paragraph\">La v\u00edctima fue identificada como <strong>Joiner Stiven Ib\u00e1\u00f1ez Uni<\/strong>, conocido cari\u00f1osamente como <strong>\u201cEl Cale\u00f1o\u201d<\/strong>, quien sufri\u00f3 un grave choque mientras se movilizaba en motocicleta por el corredor vial que comunica a Pitalito con el municipio de Palestina.<\/p>\n\n\n\n<p class=\"wp-block-paragraph\">El siniestro se registr\u00f3 a la altura del barrio <strong>Aldea La Libertad<\/strong>, donde, por circunstancias que son materia de investigaci\u00f3n, el joven habr\u00eda colisionado contra un veh\u00edculo de carga tipo turbo.<\/p>\n\n\n\n<h2 class=\"wp-block-heading\">Fue trasladado de urgencia al hospital<\/h2>\n\n\n\n<p class=\"wp-block-paragraph\">El impacto dej\u00f3 al motociclista gravemente herido sobre la v\u00eda. Personas que se encontraban en el sector alertaron a los organismos de emergencia, mientras se intentaba establecer la identidad de la v\u00edctima y ubicar a sus familiares.<\/p>\n\n\n\n<p class=\"wp-block-paragraph\">Minutos despu\u00e9s, param\u00e9dicos llegaron al lugar para brindarle los primeros auxilios y trasladarlo de urgencia al <strong>Hospital Departamental San Antonio de Pitalito<\/strong>.<\/p>\n\n\n\n<p class=\"wp-block-paragraph\">Sin embargo, pese a los esfuerzos realizados por el personal m\u00e9dico, la gravedad de las lesiones sufridas durante el accidente termin\u00f3 cobrando la vida de Joiner Stiven Ib\u00e1\u00f1ez Uni.<\/p>\n\n\n\n<h2 class=\"wp-block-heading\">Dolor por la partida de \u201cEl Cale\u00f1o\u201d<\/h2>\n\n\n\n<p class=\"wp-block-paragraph\">La noticia gener\u00f3 profunda tristeza entre familiares, amigos, compa\u00f1eros de trabajo y personas que lo conoc\u00edan.<\/p>\n\n\n\n<p class=\"wp-block-paragraph\">En redes sociales comenzaron a aparecer numerosos mensajes de despedida, en los que sus allegados recordaron su personalidad alegre, su carisma y la amabilidad con la que atend\u00eda a las personas.<\/p>\n\n\n\n<p class=\"wp-block-paragraph\">\u201cSiempre ser\u00e1 recordado por su sonrisa y su forma de ser\u201d, expresaron algunos de sus conocidos, quienes tambi\u00e9n enviaron mensajes de solidaridad y fortaleza a su familia.<\/p>\n\n\n\n<p class=\"wp-block-paragraph\">Su partida deja un profundo vac\u00edo entre quienes compart\u00edan con \u00e9l diariamente y especialmente entre las personas vinculadas al lugar donde trabajaba, quienes lo recuerdan como un joven alegre y cercano.<\/p>\n\n\n\n<p class=\"wp-block-paragraph\">Mientras familiares y amigos afrontan el dolor por su inesperado fallecimiento, las autoridades adelantan las respectivas investigaciones para establecer con precisi\u00f3n c\u00f3mo ocurri\u00f3 el accidente y determinar las circunstancias que rodearon el fuerte choque.<\/p>\n\n\n\n<figure class=\"wp-block-image size-large\"><img loading=\"lazy\" decoding=\"async\" width=\"1024\" height=\"682\" src=\"https:\/\/radiosurcolombiana.com\/wp\/wp-content\/uploads\/2026\/09\/7cc9a659-ce16-4e8b-9cec-c6c51d56fe5a-1536x1023-1-1024x682.jpg\" alt=\"\" class=\"wp-image-21403\" srcset=\"https:\/\/radiosurcolombiana.com\/wp\/wp-content\/uploads\/2026\/09\/7cc9a659-ce16-4e8b-9cec-c6c51d56fe5a-1536x1023-1-1024x682.jpg 1024w, https:\/\/radiosurcolombiana.com\/wp\/wp-content\/uploads\/2026\/09\/7cc9a659-ce16-4e8b-9cec-c6c51d56fe5a-1536x1023-1-300x200.jpg 300w, https:\/\/radiosurcolombiana.com\/wp\/wp-content\/uploads\/2026\/09\/7cc9a659-ce16-4e8b-9cec-c6c51d56fe5a-1536x1023-1-767x511.jpg 767w, https:\/\/radiosurcolombiana.com\/wp\/wp-content\/uploads\/2026\/09\/7cc9a659-ce16-4e8b-9cec-c6c51d56fe5a-1536x1023-1.jpg 1536w\" sizes=\"auto, (max-width: 1024px) 100vw, 1024px\" \/><\/figure>\n","protected":false},"excerpt":{"rendered":"<p>Un joven motociclista perdi\u00f3 la vida luego de verse involucrado en un fuerte accidente de tr\u00e1nsito ocurrido en el municipio de Pitalito, en el sur del Huila. La v\u00edctima fue&hellip; <\/p>\n","protected":false},"author":2,"featured_media":21403,"comment_status":"closed","ping_status":"open","sticky":false,"template":"","format":"standard","meta":{"_joinchat":[],"footnotes":""},"categories":[137],"tags":[],"class_list":["post-21402","post","type-post","status-publish","format-standard","has-post-thumbnail","hentry","category-huila"],"_links":{"self":[{"href":"https:\/\/radiosurcolombiana.com\/wp\/wp-json\/wp\/v2\/posts\/21402","targetHints":{"allow":["GET"]}}],"collection":[{"href":"https:\/\/radiosurcolombiana.com\/wp\/wp-json\/wp\/v2\/posts"}],"about":[{"href":"https:\/\/radiosurcolombiana.com\/wp\/wp-json\/wp\/v2\/types\/post"}],"author":[{"embeddable":true,"href":"https:\/\/radiosurcolombiana.com\/wp\/wp-json\/wp\/v2\/users\/2"}],"replies":[{"embeddable":true,"href":"https:\/\/radiosurcolombiana.com\/wp\/wp-json\/wp\/v2\/comments?post=21402"}],"version-history":[{"count":1,"href":"https:\/\/radiosurcolombiana.com\/wp\/wp-json\/wp\/v2\/posts\/21402\/revisions"}],"predecessor-version":[{"id":21404,"href":"https:\/\/radiosurcolombiana.com\/wp\/wp-json\/wp\/v2\/posts\/21402\/revisions\/21404"}],"wp:featuredmedia":[{"embeddable":true,"href":"https:\/\/radiosurcolombiana.com\/wp\/wp-json\/wp\/v2\/media\/21403"}],"wp:attachment":[{"href":"https:\/\/radiosurcolombiana.com\/wp\/wp-json\/wp\/v2\/media?parent=21402"}],"wp:term":[{"taxonomy":"category","embeddable":true,"href":"https:\/\/radiosurcolombiana.com\/wp\/wp-json\/wp\/v2\/categories?post=21402"},{"taxonomy":"post_tag","embeddable":true,"href":"https:\/\/radiosurcolombiana.com\/wp\/wp-json\/wp\/v2\/tags?post=21402"}],"curies":[{"name":"wp","href":"https:\/\/api.w.org\/{rel}","templated":true}]}}