{"id":2189,"date":"2023-07-10T12:48:40","date_gmt":"2023-07-10T17:48:40","guid":{"rendered":"https:\/\/radiosurcolombiana.com\/wp\/?p=2189"},"modified":"2023-07-10T12:48:41","modified_gmt":"2023-07-10T17:48:41","slug":"subcidio-para-dejar-de-delinquir","status":"publish","type":"post","link":"https:\/\/radiosurcolombiana.com\/wp\/subcidio-para-dejar-de-delinquir\/","title":{"rendered":"Subcidio para dejar de delinquir"},"content":{"rendered":"\n<figure class=\"wp-block-image size-large\"><img loading=\"lazy\" decoding=\"async\" width=\"1024\" height=\"683\" src=\"https:\/\/radiosurcolombiana.com\/wp\/wp-content\/uploads\/2023\/07\/delincuencia-juvenil-1024x683.jpg\" alt=\"\" class=\"wp-image-2190\" srcset=\"https:\/\/radiosurcolombiana.com\/wp\/wp-content\/uploads\/2023\/07\/delincuencia-juvenil-1024x683.jpg 1024w, https:\/\/radiosurcolombiana.com\/wp\/wp-content\/uploads\/2023\/07\/delincuencia-juvenil-300x200.jpg 300w, https:\/\/radiosurcolombiana.com\/wp\/wp-content\/uploads\/2023\/07\/delincuencia-juvenil-768x512.jpg 768w, https:\/\/radiosurcolombiana.com\/wp\/wp-content\/uploads\/2023\/07\/delincuencia-juvenil-1536x1024.jpg 1536w, https:\/\/radiosurcolombiana.com\/wp\/wp-content\/uploads\/2023\/07\/delincuencia-juvenil.jpg 1600w\" sizes=\"auto, (max-width: 1024px) 100vw, 1024px\" \/><\/figure>\n\n\n\n<p>Alrededor de $1 mill\u00f3n mensual recibir\u00edan j\u00f3venes para dejar de delinquir, tras la propuesta del presidente Gustavo Petro de &#8220;pagar por no matar&#8221;, este lunes el ministro del interior declar\u00f3 que el programa durar\u00eda un a\u00f1o y habr\u00eda un estricto seguimiento.<\/p>\n\n\n\n<p>En medio de la controversia que ha tenido el presidente Petro en Buenaventura por la propuesta, revelo que en el programa les pagar\u00e1n a los beneficiarios alrededor de $1 millon.<\/p>\n\n\n\n<p>Durante un consejo de seguridad en el puerto, el Jefe de Estado inst\u00f3 a los j\u00f3venes que integran los grupos delincuenciales en particular a los <strong>&#8220;Shottas y los Espartanos&#8221;<\/strong>, estudiar y acceder a los cupos de educaci\u00f3n superior , <strong>&#8220;les van a pagar por no matar&#8221;<\/strong>.<\/p>\n\n\n\n<figure class=\"wp-block-image size-large\"><img loading=\"lazy\" decoding=\"async\" width=\"1024\" height=\"768\" src=\"https:\/\/radiosurcolombiana.com\/wp\/wp-content\/uploads\/2023\/07\/05-04-21-Petro-1024x768.jpg\" alt=\"\" class=\"wp-image-2191\" srcset=\"https:\/\/radiosurcolombiana.com\/wp\/wp-content\/uploads\/2023\/07\/05-04-21-Petro-1024x768.jpg 1024w, https:\/\/radiosurcolombiana.com\/wp\/wp-content\/uploads\/2023\/07\/05-04-21-Petro-300x225.jpg 300w, https:\/\/radiosurcolombiana.com\/wp\/wp-content\/uploads\/2023\/07\/05-04-21-Petro-768x576.jpg 768w, https:\/\/radiosurcolombiana.com\/wp\/wp-content\/uploads\/2023\/07\/05-04-21-Petro.jpg 1280w\" sizes=\"auto, (max-width: 1024px) 100vw, 1024px\" \/><\/figure>\n\n\n\n<p>El ministerio del Interior explic\u00f3 los pormenores del programa, defendi\u00f3 que no se pueden quedar cruzados de brazos ante los hechos de violencia. La met\u00e1fora de pagar por no matar solo es una met\u00e1fora del presidente para que los j\u00f3venes en Colombia que no tienen oportunidades terminan siendo parte de las oportunidades de la ilegalidad.<\/p>\n\n\n\n<p>Velasco aseguro que el objetivo es promover mecanismos para crear oportunidades y revelo que por esta raz\u00f3n los j\u00f3venes recibir\u00e1n mensualmente casi un salario m\u00ednimo, pero resalt\u00f3 tambien; No es para toda la vida, es mientras los sacamos y logramos que ingresen a alguna actividad acad\u00e9mica, espacios para que se alejen de las actividades delincuenciales, este proyecto se estar\u00e1 evaluando durante un a\u00f1o. <\/p>\n","protected":false},"excerpt":{"rendered":"<p>Alrededor de $1 mill\u00f3n mensual recibir\u00edan j\u00f3venes para dejar de delinquir, tras la propuesta del presidente Gustavo Petro de &#8220;pagar por no matar&#8221;, este lunes el ministro del interior declar\u00f3&hellip; <\/p>\n","protected":false},"author":2,"featured_media":2190,"comment_status":"closed","ping_status":"open","sticky":false,"template":"","format":"standard","meta":{"_joinchat":[],"footnotes":""},"categories":[1],"tags":[8,34],"class_list":["post-2189","post","type-post","status-publish","format-standard","has-post-thumbnail","hentry","category-politica","tag-huila","tag-politica"],"_links":{"self":[{"href":"https:\/\/radiosurcolombiana.com\/wp\/wp-json\/wp\/v2\/posts\/2189","targetHints":{"allow":["GET"]}}],"collection":[{"href":"https:\/\/radiosurcolombiana.com\/wp\/wp-json\/wp\/v2\/posts"}],"about":[{"href":"https:\/\/radiosurcolombiana.com\/wp\/wp-json\/wp\/v2\/types\/post"}],"author":[{"embeddable":true,"href":"https:\/\/radiosurcolombiana.com\/wp\/wp-json\/wp\/v2\/users\/2"}],"replies":[{"embeddable":true,"href":"https:\/\/radiosurcolombiana.com\/wp\/wp-json\/wp\/v2\/comments?post=2189"}],"version-history":[{"count":1,"href":"https:\/\/radiosurcolombiana.com\/wp\/wp-json\/wp\/v2\/posts\/2189\/revisions"}],"predecessor-version":[{"id":2192,"href":"https:\/\/radiosurcolombiana.com\/wp\/wp-json\/wp\/v2\/posts\/2189\/revisions\/2192"}],"wp:featuredmedia":[{"embeddable":true,"href":"https:\/\/radiosurcolombiana.com\/wp\/wp-json\/wp\/v2\/media\/2190"}],"wp:attachment":[{"href":"https:\/\/radiosurcolombiana.com\/wp\/wp-json\/wp\/v2\/media?parent=2189"}],"wp:term":[{"taxonomy":"category","embeddable":true,"href":"https:\/\/radiosurcolombiana.com\/wp\/wp-json\/wp\/v2\/categories?post=2189"},{"taxonomy":"post_tag","embeddable":true,"href":"https:\/\/radiosurcolombiana.com\/wp\/wp-json\/wp\/v2\/tags?post=2189"}],"curies":[{"name":"wp","href":"https:\/\/api.w.org\/{rel}","templated":true}]}}