{"id":2403,"date":"2023-07-19T10:28:53","date_gmt":"2023-07-19T15:28:53","guid":{"rendered":"https:\/\/radiosurcolombiana.com\/wp\/?p=2403"},"modified":"2023-07-19T10:28:54","modified_gmt":"2023-07-19T15:28:54","slug":"luto-en-colombina-en-menos-de-24-horas-20-personas-muertas-por-catastrofes","status":"publish","type":"post","link":"https:\/\/radiosurcolombiana.com\/wp\/luto-en-colombina-en-menos-de-24-horas-20-personas-muertas-por-catastrofes\/","title":{"rendered":"Luto en colombina en menos de 24 horas 20 personas muertas por cat\u00e1strofes"},"content":{"rendered":"\n<p>En menos de 24 horas, m\u00e1s de 20 personas perdieron la vida en dos hechos tr\u00e1gicos que se presentaron en los departamentos de Cundinamarca y Guajira.<\/p>\n\n\n\n<figure class=\"wp-block-image size-large\"><img loading=\"lazy\" decoding=\"async\" width=\"1024\" height=\"576\" src=\"https:\/\/radiosurcolombiana.com\/wp\/wp-content\/uploads\/2023\/07\/catastrofe-1024x576.jpeg\" alt=\"\" class=\"wp-image-2412\" srcset=\"https:\/\/radiosurcolombiana.com\/wp\/wp-content\/uploads\/2023\/07\/catastrofe-1024x576.jpeg 1024w, https:\/\/radiosurcolombiana.com\/wp\/wp-content\/uploads\/2023\/07\/catastrofe-300x169.jpeg 300w, https:\/\/radiosurcolombiana.com\/wp\/wp-content\/uploads\/2023\/07\/catastrofe-768x432.jpeg 768w, https:\/\/radiosurcolombiana.com\/wp\/wp-content\/uploads\/2023\/07\/catastrofe.jpeg 1200w\" sizes=\"auto, (max-width: 1024px) 100vw, 1024px\" \/><\/figure>\n\n\n\n<p>En el municipio de Quetame, departamento de Cundinamarca, una avalancha dej\u00f3 14 personas muertas y varias m\u00e1s desaparecidas, seg\u00fan lo ha confirmado el gobernador del departamento, Nicol\u00e1s Garc\u00eda, que ha declarado la calamidad p\u00fablica para atender la emergencia.<\/p>\n\n\n\n<p>Las fuertes lluvias que generaron una precipitada creciente de la quebrada Naranjal, que se desbord\u00f3 y ocasion\u00f3 la destrucci\u00f3n de mas de veinte casas del corregimiento. Ayer, las autoridades hallaron 14 cuerpos sin vida y otras seis personas que fueron encontradas son trasladas a puestos de salud y hospitales cercanos en Cundinamarca y el vecino departamento del Meta.<\/p>\n\n\n\n<p>El coronel Jorge D\u00edaz, director de la Defensa Civil se\u00f1al\u00f3 que tres de los fallecidos eran menores de edad: un ni\u00f1o de 6 a\u00f1os, otro de 10 y otro de 12. Tras esta tragedia, el presidente que se encuentra en B\u00e9lgica, lament\u00f3 lo ocurrido y le envi\u00f3 un mensaje de condolencias a las familias afectadas, por medio de sus redes sociales. <\/p>\n\n\n\n<figure class=\"wp-block-image size-large\"><img loading=\"lazy\" decoding=\"async\" width=\"1024\" height=\"576\" src=\"https:\/\/radiosurcolombiana.com\/wp\/wp-content\/uploads\/2023\/07\/catastrofe2-1024x576.jpeg\" alt=\"\" class=\"wp-image-2413\" srcset=\"https:\/\/radiosurcolombiana.com\/wp\/wp-content\/uploads\/2023\/07\/catastrofe2-1024x576.jpeg 1024w, https:\/\/radiosurcolombiana.com\/wp\/wp-content\/uploads\/2023\/07\/catastrofe2-300x169.jpeg 300w, https:\/\/radiosurcolombiana.com\/wp\/wp-content\/uploads\/2023\/07\/catastrofe2-768x432.jpeg 768w, https:\/\/radiosurcolombiana.com\/wp\/wp-content\/uploads\/2023\/07\/catastrofe2.jpeg 1280w\" sizes=\"auto, (max-width: 1024px) 100vw, 1024px\" \/><\/figure>\n\n\n\n<p>Por otro lado, en el departamento de La Guajira se present\u00f3 un fatal accidente de tr\u00e1nsito. Donde lamentablemente, ocho personas murieron, entre ellas un menor de edad y otras ocho resultaron heridas.<\/p>\n\n\n\n<p>El fat\u00eddico acontecimiento se present\u00f3 en el kil\u00f3metro 53 de la Troncal del Caribe, entre el peaje de El Ebanal y el caser\u00edo de Mingueo, el sector es conocido como Pelechua, en la v\u00eda de Riohacha que conduce a Santa Marta, capital del Magdalena.<\/p>\n\n\n\n<p>Seg\u00fan el reporte de las autoridades, el conductor de la tractomula que se dirig\u00eda hacia la ciudad de Santa Marta (Magdalena), por un micro-sue\u00f1o, invadi\u00f3 el carril contrario donde se desplazaba una buseta que iba rumbo hacia Riohacha, por lo cual, se gener\u00f3 el cat\u00e1strofe accidente.<\/p>\n","protected":false},"excerpt":{"rendered":"<p>En menos de 24 horas, m\u00e1s de 20 personas perdieron la vida en dos hechos tr\u00e1gicos que se presentaron en los departamentos de Cundinamarca y Guajira. En el municipio de&hellip; <\/p>\n","protected":false},"author":2,"featured_media":2412,"comment_status":"closed","ping_status":"open","sticky":false,"template":"","format":"standard","meta":{"_joinchat":[],"footnotes":""},"categories":[18],"tags":[8],"class_list":["post-2403","post","type-post","status-publish","format-standard","has-post-thumbnail","hentry","category-ciudad","tag-huila"],"_links":{"self":[{"href":"https:\/\/radiosurcolombiana.com\/wp\/wp-json\/wp\/v2\/posts\/2403","targetHints":{"allow":["GET"]}}],"collection":[{"href":"https:\/\/radiosurcolombiana.com\/wp\/wp-json\/wp\/v2\/posts"}],"about":[{"href":"https:\/\/radiosurcolombiana.com\/wp\/wp-json\/wp\/v2\/types\/post"}],"author":[{"embeddable":true,"href":"https:\/\/radiosurcolombiana.com\/wp\/wp-json\/wp\/v2\/users\/2"}],"replies":[{"embeddable":true,"href":"https:\/\/radiosurcolombiana.com\/wp\/wp-json\/wp\/v2\/comments?post=2403"}],"version-history":[{"count":1,"href":"https:\/\/radiosurcolombiana.com\/wp\/wp-json\/wp\/v2\/posts\/2403\/revisions"}],"predecessor-version":[{"id":2414,"href":"https:\/\/radiosurcolombiana.com\/wp\/wp-json\/wp\/v2\/posts\/2403\/revisions\/2414"}],"wp:featuredmedia":[{"embeddable":true,"href":"https:\/\/radiosurcolombiana.com\/wp\/wp-json\/wp\/v2\/media\/2412"}],"wp:attachment":[{"href":"https:\/\/radiosurcolombiana.com\/wp\/wp-json\/wp\/v2\/media?parent=2403"}],"wp:term":[{"taxonomy":"category","embeddable":true,"href":"https:\/\/radiosurcolombiana.com\/wp\/wp-json\/wp\/v2\/categories?post=2403"},{"taxonomy":"post_tag","embeddable":true,"href":"https:\/\/radiosurcolombiana.com\/wp\/wp-json\/wp\/v2\/tags?post=2403"}],"curies":[{"name":"wp","href":"https:\/\/api.w.org\/{rel}","templated":true}]}}