{"id":2625,"date":"2023-07-27T09:42:44","date_gmt":"2023-07-27T14:42:44","guid":{"rendered":"https:\/\/radiosurcolombiana.com\/wp\/?p=2625"},"modified":"2023-07-27T09:42:45","modified_gmt":"2023-07-27T14:42:45","slug":"por-robarlo-termino-con-un-disparo-en-su-pecho","status":"publish","type":"post","link":"https:\/\/radiosurcolombiana.com\/wp\/por-robarlo-termino-con-un-disparo-en-su-pecho\/","title":{"rendered":"Por robarlo termino con un disparo en su pecho"},"content":{"rendered":"\n<figure class=\"wp-block-image size-full\"><img loading=\"lazy\" decoding=\"async\" width=\"700\" height=\"467\" src=\"https:\/\/radiosurcolombiana.com\/wp\/wp-content\/uploads\/2023\/07\/WhatsApp-Image-2023-07-27-at-9.42.13-AM.jpeg\" alt=\"\" class=\"wp-image-2626\" srcset=\"https:\/\/radiosurcolombiana.com\/wp\/wp-content\/uploads\/2023\/07\/WhatsApp-Image-2023-07-27-at-9.42.13-AM.jpeg 700w, https:\/\/radiosurcolombiana.com\/wp\/wp-content\/uploads\/2023\/07\/WhatsApp-Image-2023-07-27-at-9.42.13-AM-300x200.jpeg 300w\" sizes=\"auto, (max-width: 700px) 100vw, 700px\" \/><\/figure>\n\n\n\n<p>Cristian David Quiroga Bautista de 19 a\u00f1os, fue el joven que result\u00f3 herido en medio de un atraco en la capital del Huila. De acuerdo con el informe preliminar, Quiroga que reside en el barrio Centro, iba caminando a eso de las 06:30 de la tarde del pasado martes por v\u00eda p\u00fablica, cuando fue interceptado por sujetos desconocidos que lo intimidaron con un arma para que entregara sus pertenencias.<\/p>\n\n\n\n<p>Los asaltantes le dispararon a la altura de su t\u00f3rax dej\u00e1ndolo herido. Cristian al ver que presentaba dificultades para respirar, acudi\u00f3 inmediatamente a un puesto de salud donde fue atendido por el personal m\u00e9dico.<\/p>\n\n\n\n<figure class=\"wp-block-image size-full is-resized\"><img loading=\"lazy\" decoding=\"async\" src=\"https:\/\/radiosurcolombiana.com\/wp\/wp-content\/uploads\/2023\/07\/WhatsApp-Image-2023-07-27-at-9.42.14-AM.jpeg\" alt=\"\" class=\"wp-image-2627\" width=\"653\" height=\"366\"\/><\/figure>\n\n\n\n<p>Autoridades de la ciudad est\u00e1n adelantando las averiguaciones tendientes a identificar a los responsables del hecho para ponerlos a disposici\u00f3n de la justicia y por fortuna all\u00e1 se descart\u00f3 lesiones de gravedad, ya que el arma utilizada era traum\u00e1tica, sin embargo, fue remitido a un hospital de tercer nivel para ser valorado por los especialistas.<\/p>\n","protected":false},"excerpt":{"rendered":"<p>Cristian David Quiroga Bautista de 19 a\u00f1os, fue el joven que result\u00f3 herido en medio de un atraco en la capital del Huila. De acuerdo con el informe preliminar, Quiroga&hellip; <\/p>\n","protected":false},"author":2,"featured_media":2626,"comment_status":"closed","ping_status":"open","sticky":false,"template":"","format":"standard","meta":{"_joinchat":[],"footnotes":""},"categories":[5],"tags":[32],"class_list":["post-2625","post","type-post","status-publish","format-standard","has-post-thumbnail","hentry","category-actualidad","tag-actualidad"],"_links":{"self":[{"href":"https:\/\/radiosurcolombiana.com\/wp\/wp-json\/wp\/v2\/posts\/2625","targetHints":{"allow":["GET"]}}],"collection":[{"href":"https:\/\/radiosurcolombiana.com\/wp\/wp-json\/wp\/v2\/posts"}],"about":[{"href":"https:\/\/radiosurcolombiana.com\/wp\/wp-json\/wp\/v2\/types\/post"}],"author":[{"embeddable":true,"href":"https:\/\/radiosurcolombiana.com\/wp\/wp-json\/wp\/v2\/users\/2"}],"replies":[{"embeddable":true,"href":"https:\/\/radiosurcolombiana.com\/wp\/wp-json\/wp\/v2\/comments?post=2625"}],"version-history":[{"count":1,"href":"https:\/\/radiosurcolombiana.com\/wp\/wp-json\/wp\/v2\/posts\/2625\/revisions"}],"predecessor-version":[{"id":2628,"href":"https:\/\/radiosurcolombiana.com\/wp\/wp-json\/wp\/v2\/posts\/2625\/revisions\/2628"}],"wp:featuredmedia":[{"embeddable":true,"href":"https:\/\/radiosurcolombiana.com\/wp\/wp-json\/wp\/v2\/media\/2626"}],"wp:attachment":[{"href":"https:\/\/radiosurcolombiana.com\/wp\/wp-json\/wp\/v2\/media?parent=2625"}],"wp:term":[{"taxonomy":"category","embeddable":true,"href":"https:\/\/radiosurcolombiana.com\/wp\/wp-json\/wp\/v2\/categories?post=2625"},{"taxonomy":"post_tag","embeddable":true,"href":"https:\/\/radiosurcolombiana.com\/wp\/wp-json\/wp\/v2\/tags?post=2625"}],"curies":[{"name":"wp","href":"https:\/\/api.w.org\/{rel}","templated":true}]}}