{"id":2695,"date":"2023-07-29T12:29:46","date_gmt":"2023-07-29T17:29:46","guid":{"rendered":"https:\/\/radiosurcolombiana.com\/wp\/?p=2695"},"modified":"2023-07-29T12:55:51","modified_gmt":"2023-07-29T17:55:51","slug":"por-que-capturaron-a-nicolas-petro","status":"publish","type":"post","link":"https:\/\/radiosurcolombiana.com\/wp\/por-que-capturaron-a-nicolas-petro\/","title":{"rendered":"\u00bfPor qu\u00e9 capturaron a Nicolas Petro?"},"content":{"rendered":"\n<p>La Fiscal\u00eda confirm\u00f3 que el d\u00eda de hoy captur\u00f3 a Nicol\u00e1s Petro, hijo del presidente Gustavo Petro, por los delitos de\u00a0lavado de activos y enriquecimiento Il\u00edcito, a su vez, tambi\u00e9n fue capturada su exesposa Day V\u00e1zquez.<\/p>\n\n\n\n<figure class=\"wp-block-image size-full is-resized\"><img loading=\"lazy\" decoding=\"async\" src=\"https:\/\/radiosurcolombiana.com\/wp\/wp-content\/uploads\/2023\/07\/WhatsApp-Image-2023-07-29-at-12.29.03-PM.jpeg\" alt=\"\" class=\"wp-image-2696\" width=\"830\" height=\"467\" srcset=\"https:\/\/radiosurcolombiana.com\/wp\/wp-content\/uploads\/2023\/07\/WhatsApp-Image-2023-07-29-at-12.29.03-PM.jpeg 560w, https:\/\/radiosurcolombiana.com\/wp\/wp-content\/uploads\/2023\/07\/WhatsApp-Image-2023-07-29-at-12.29.03-PM-300x169.jpeg 300w\" sizes=\"auto, (max-width: 830px) 100vw, 830px\" \/><\/figure>\n\n\n\n<p>Hay que tener en cuenta que el hijo del mandatario est\u00e1 siendo investigado porque hace algunos meses, fue publicada una entrevista con Day V\u00e1squez, en la que la exesposa de Nicol\u00e1s Petro cont\u00f3 que \u00e9l recibi\u00f3 600 millones de pesos de parte del exnarcotraficante Santander Lopesierra, conocido con el alias del Hombre Marlboro, y unos 400 millones de pesos de parte del hijo del pol\u00e9mico Turco Hilsaca. <\/p>\n\n\n\n<p>Aunque los dineros iban dirigidos, seg\u00fan Day, a la campa\u00f1a presidencial de Petro, ella se\u00f1al\u00f3 que Nicol\u00e1s tom\u00f3 los recursos para adquirir una lujosa vivienda en Barranquilla.<\/p>\n\n\n\n<figure class=\"wp-block-image size-large\"><img loading=\"lazy\" decoding=\"async\" width=\"1024\" height=\"512\" src=\"https:\/\/radiosurcolombiana.com\/wp\/wp-content\/uploads\/2023\/07\/WhatsApp-Image-2023-07-29-at-12.29.02-PM-1024x512.jpeg\" alt=\"\" class=\"wp-image-2697\" srcset=\"https:\/\/radiosurcolombiana.com\/wp\/wp-content\/uploads\/2023\/07\/WhatsApp-Image-2023-07-29-at-12.29.02-PM-1024x512.jpeg 1024w, https:\/\/radiosurcolombiana.com\/wp\/wp-content\/uploads\/2023\/07\/WhatsApp-Image-2023-07-29-at-12.29.02-PM-300x150.jpeg 300w, https:\/\/radiosurcolombiana.com\/wp\/wp-content\/uploads\/2023\/07\/WhatsApp-Image-2023-07-29-at-12.29.02-PM-768x384.jpeg 768w, https:\/\/radiosurcolombiana.com\/wp\/wp-content\/uploads\/2023\/07\/WhatsApp-Image-2023-07-29-at-12.29.02-PM.jpeg 1200w\" sizes=\"auto, (max-width: 1024px) 100vw, 1024px\" \/><\/figure>\n\n\n\n<p>Por otro lado la Fiscal\u00eda General de la Naci\u00f3n afirma que el d\u00eda de hoy 29 de julio de 2023, sobre las 06:00 horas, en cumplimiento a lo dispuesto por el Juzgado 16 Penal Municipal con Funci\u00f3n de Control de Garant\u00edas de Bogot\u00e1, se hicieron efectivas las \u00f3rdenes de captura proferidas contra Nicol\u00e1s Fernando Petro Burgos, por los delitos de lavado de activos y enriquecimiento il\u00edcito, y Daysuris del Carmen V\u00e1squez Castro, por los punibles de lavado de activos y violaci\u00f3n de datos personales por hechos ocurridos desde 2022 a la fecha.<\/p>\n\n\n\n<p>Los capturados ser\u00e1n puestos a disposici\u00f3n de un juez penal municipal con funci\u00f3n de control de garant\u00edas, a quien se le solicitar\u00e1 impartir legalidad a los procedimientos de allanamiento, captura e incautaci\u00f3n de elementos materiales probatorios. De igual manera, se formular\u00e1 imputaci\u00f3n por los delitos ya citados y se solicitar\u00e1 una medida restrictiva de la libertad. Esta informaci\u00f3n se publica por razones de inter\u00e9s general, agreg\u00f3 tambi\u00e9n. <\/p>\n","protected":false},"excerpt":{"rendered":"<p>La Fiscal\u00eda confirm\u00f3 que el d\u00eda de hoy captur\u00f3 a Nicol\u00e1s Petro, hijo del presidente Gustavo Petro, por los delitos de\u00a0lavado de activos y enriquecimiento Il\u00edcito, a su vez, tambi\u00e9n&hellip; <\/p>\n","protected":false},"author":2,"featured_media":2696,"comment_status":"closed","ping_status":"open","sticky":false,"template":"","format":"standard","meta":{"_joinchat":[],"footnotes":""},"categories":[1],"tags":[34],"class_list":["post-2695","post","type-post","status-publish","format-standard","has-post-thumbnail","hentry","category-politica","tag-politica"],"_links":{"self":[{"href":"https:\/\/radiosurcolombiana.com\/wp\/wp-json\/wp\/v2\/posts\/2695","targetHints":{"allow":["GET"]}}],"collection":[{"href":"https:\/\/radiosurcolombiana.com\/wp\/wp-json\/wp\/v2\/posts"}],"about":[{"href":"https:\/\/radiosurcolombiana.com\/wp\/wp-json\/wp\/v2\/types\/post"}],"author":[{"embeddable":true,"href":"https:\/\/radiosurcolombiana.com\/wp\/wp-json\/wp\/v2\/users\/2"}],"replies":[{"embeddable":true,"href":"https:\/\/radiosurcolombiana.com\/wp\/wp-json\/wp\/v2\/comments?post=2695"}],"version-history":[{"count":2,"href":"https:\/\/radiosurcolombiana.com\/wp\/wp-json\/wp\/v2\/posts\/2695\/revisions"}],"predecessor-version":[{"id":2707,"href":"https:\/\/radiosurcolombiana.com\/wp\/wp-json\/wp\/v2\/posts\/2695\/revisions\/2707"}],"wp:featuredmedia":[{"embeddable":true,"href":"https:\/\/radiosurcolombiana.com\/wp\/wp-json\/wp\/v2\/media\/2696"}],"wp:attachment":[{"href":"https:\/\/radiosurcolombiana.com\/wp\/wp-json\/wp\/v2\/media?parent=2695"}],"wp:term":[{"taxonomy":"category","embeddable":true,"href":"https:\/\/radiosurcolombiana.com\/wp\/wp-json\/wp\/v2\/categories?post=2695"},{"taxonomy":"post_tag","embeddable":true,"href":"https:\/\/radiosurcolombiana.com\/wp\/wp-json\/wp\/v2\/tags?post=2695"}],"curies":[{"name":"wp","href":"https:\/\/api.w.org\/{rel}","templated":true}]}}