{"id":2745,"date":"2023-07-31T08:41:33","date_gmt":"2023-07-31T13:41:33","guid":{"rendered":"https:\/\/radiosurcolombiana.com\/wp\/?p=2745"},"modified":"2023-07-31T08:41:34","modified_gmt":"2023-07-31T13:41:34","slug":"comerciantes-de-neiva-atemorizados","status":"publish","type":"post","link":"https:\/\/radiosurcolombiana.com\/wp\/comerciantes-de-neiva-atemorizados\/","title":{"rendered":"Comerciantes de Neiva atemorizados"},"content":{"rendered":"\n<p>La comisi\u00f3n de finanzas del Frente \u2018Dar\u00edo Guti\u00e9rrez\u2019, vendr\u00eda desde hace varios d\u00edas, enviando cartas de citaci\u00f3n a empresarios de la capital del Huila, para fijar las cuotas extorsivas para fortalecer la econom\u00eda del grupo armado.<\/p>\n\n\n\n<figure class=\"wp-block-image size-large\"><img loading=\"lazy\" decoding=\"async\" width=\"1024\" height=\"768\" src=\"https:\/\/radiosurcolombiana.com\/wp\/wp-content\/uploads\/2023\/07\/WhatsApp-Image-2023-07-31-at-8.40.08-AM-1-1024x768.jpeg\" alt=\"\" class=\"wp-image-2750\" srcset=\"https:\/\/radiosurcolombiana.com\/wp\/wp-content\/uploads\/2023\/07\/WhatsApp-Image-2023-07-31-at-8.40.08-AM-1-1024x768.jpeg 1024w, https:\/\/radiosurcolombiana.com\/wp\/wp-content\/uploads\/2023\/07\/WhatsApp-Image-2023-07-31-at-8.40.08-AM-1-300x225.jpeg 300w, https:\/\/radiosurcolombiana.com\/wp\/wp-content\/uploads\/2023\/07\/WhatsApp-Image-2023-07-31-at-8.40.08-AM-1-768x576.jpeg 768w, https:\/\/radiosurcolombiana.com\/wp\/wp-content\/uploads\/2023\/07\/WhatsApp-Image-2023-07-31-at-8.40.08-AM-1.jpeg 1080w\" sizes=\"auto, (max-width: 1024px) 100vw, 1024px\" \/><\/figure>\n\n\n\n<p>Alterante el panorama en materia de seguridad de la capital del Huila, con las continuas denuncias por parte de los comerciantes, que est\u00e1n siendo extorsionados, al parecer, por las disidencias de las Farc.<\/p>\n\n\n\n<p>Ya se cumplen 20 d\u00edas del primer acontecimiento terrorista al norte de la ciudad de Neiva en un supermercado en el barrio La Voragine, cuando sujetos desconocidos activaron un artefacto explosivo, esto gracias a las llamadas estrategias de presi\u00f3n las &#8220;vacunas&#8221;, por lo cuales distintos comerciantes se han visto altamente afectados. <\/p>\n\n\n\n<p>De igual manera han venido ejerciendo presi\u00f3n a quienes se oponen a no pagar las vacunas. As\u00ed se evidenci\u00f3 recientemente en la noche del pasado s\u00e1bado, cuando hombres en moto, lanzaron lo que ser\u00eda una granada de fragmentaci\u00f3n contra una residencia del barrio La Vor\u00e1gine de Neiva.<\/p>\n\n\n\n<figure class=\"wp-block-image size-full is-resized\"><img loading=\"lazy\" decoding=\"async\" src=\"https:\/\/radiosurcolombiana.com\/wp\/wp-content\/uploads\/2023\/07\/WhatsApp-Image-2023-07-31-at-8.40.08-AM.jpeg\" alt=\"\" class=\"wp-image-2751\" width=\"388\" height=\"267\"\/><\/figure>\n\n\n\n<p>Desde el comando de la Polic\u00eda Metropolitana de Neiva, se confirm\u00f3 que siendo las 10:40 de la noche, fue reportado a trav\u00e9s de la l\u00ednea 123, una detonaci\u00f3n de bajo poder, en la carrera 3W con calle 73 de la comuna Uno. El artefacto explosivo por fortuna solo dej\u00f3 da\u00f1os materiales en el antejard\u00edn y primer piso de una vivienda cercana al lugar del hecho.<\/p>\n\n\n\n<p>La Seccional de Investigaci\u00f3n Criminal SIJIN y funcionarios de la Seccional de Inteligencia, se adelantan las actividades de recolecci\u00f3n de informaci\u00f3n, elementos materiales probatorios y evidencia f\u00edsica, con el prop\u00f3sito de determinar el tipo de elemento y circunstancias, en que se suscitaron estos hechos.<\/p>\n","protected":false},"excerpt":{"rendered":"<p>La comisi\u00f3n de finanzas del Frente \u2018Dar\u00edo Guti\u00e9rrez\u2019, vendr\u00eda desde hace varios d\u00edas, enviando cartas de citaci\u00f3n a empresarios de la capital del Huila, para fijar las cuotas extorsivas para&hellip; <\/p>\n","protected":false},"author":2,"featured_media":2750,"comment_status":"closed","ping_status":"open","sticky":false,"template":"","format":"standard","meta":{"_joinchat":[],"footnotes":""},"categories":[5],"tags":[32],"class_list":["post-2745","post","type-post","status-publish","format-standard","has-post-thumbnail","hentry","category-actualidad","tag-actualidad"],"_links":{"self":[{"href":"https:\/\/radiosurcolombiana.com\/wp\/wp-json\/wp\/v2\/posts\/2745","targetHints":{"allow":["GET"]}}],"collection":[{"href":"https:\/\/radiosurcolombiana.com\/wp\/wp-json\/wp\/v2\/posts"}],"about":[{"href":"https:\/\/radiosurcolombiana.com\/wp\/wp-json\/wp\/v2\/types\/post"}],"author":[{"embeddable":true,"href":"https:\/\/radiosurcolombiana.com\/wp\/wp-json\/wp\/v2\/users\/2"}],"replies":[{"embeddable":true,"href":"https:\/\/radiosurcolombiana.com\/wp\/wp-json\/wp\/v2\/comments?post=2745"}],"version-history":[{"count":1,"href":"https:\/\/radiosurcolombiana.com\/wp\/wp-json\/wp\/v2\/posts\/2745\/revisions"}],"predecessor-version":[{"id":2752,"href":"https:\/\/radiosurcolombiana.com\/wp\/wp-json\/wp\/v2\/posts\/2745\/revisions\/2752"}],"wp:featuredmedia":[{"embeddable":true,"href":"https:\/\/radiosurcolombiana.com\/wp\/wp-json\/wp\/v2\/media\/2750"}],"wp:attachment":[{"href":"https:\/\/radiosurcolombiana.com\/wp\/wp-json\/wp\/v2\/media?parent=2745"}],"wp:term":[{"taxonomy":"category","embeddable":true,"href":"https:\/\/radiosurcolombiana.com\/wp\/wp-json\/wp\/v2\/categories?post=2745"},{"taxonomy":"post_tag","embeddable":true,"href":"https:\/\/radiosurcolombiana.com\/wp\/wp-json\/wp\/v2\/tags?post=2745"}],"curies":[{"name":"wp","href":"https:\/\/api.w.org\/{rel}","templated":true}]}}