{"id":2937,"date":"2023-08-05T16:03:02","date_gmt":"2023-08-05T21:03:02","guid":{"rendered":"https:\/\/radiosurcolombiana.com\/wp\/?p=2937"},"modified":"2023-08-05T16:03:03","modified_gmt":"2023-08-05T21:03:03","slug":"petro-investigado-por-procuraduria","status":"publish","type":"post","link":"https:\/\/radiosurcolombiana.com\/wp\/petro-investigado-por-procuraduria\/","title":{"rendered":"Petro investigado por Procuradur\u00eda"},"content":{"rendered":"\n<figure class=\"wp-block-image size-large\"><img loading=\"lazy\" decoding=\"async\" width=\"1024\" height=\"614\" src=\"https:\/\/radiosurcolombiana.com\/wp\/wp-content\/uploads\/2023\/08\/WhatsApp-Image-2023-08-05-at-4.01.43-PM-1-1024x614.jpeg\" alt=\"\" class=\"wp-image-2939\" srcset=\"https:\/\/radiosurcolombiana.com\/wp\/wp-content\/uploads\/2023\/08\/WhatsApp-Image-2023-08-05-at-4.01.43-PM-1-1024x614.jpeg 1024w, https:\/\/radiosurcolombiana.com\/wp\/wp-content\/uploads\/2023\/08\/WhatsApp-Image-2023-08-05-at-4.01.43-PM-1-300x180.jpeg 300w, https:\/\/radiosurcolombiana.com\/wp\/wp-content\/uploads\/2023\/08\/WhatsApp-Image-2023-08-05-at-4.01.43-PM-1-768x461.jpeg 768w, https:\/\/radiosurcolombiana.com\/wp\/wp-content\/uploads\/2023\/08\/WhatsApp-Image-2023-08-05-at-4.01.43-PM-1.jpeg 1200w\" sizes=\"auto, (max-width: 1024px) 100vw, 1024px\" \/><\/figure>\n\n\n\n<p>La procuradora general Margarita Cabello Blanco design\u00f3 al procurador tercero delegado para la investigaci\u00f3n y juzgamiento penal, en el proceso que adelante la Comisi\u00f3n de Investigaci\u00f3n y Acusaci\u00f3n de la C\u00e1mara de Representantes contra el Presidente de la Rep\u00fablica, Gustavo Petro.<\/p>\n\n\n\n<p>procurador tercero ser\u00e1 el encargado de intervenir y hacer acompa\u00f1amiento permanente a las diligencias que se adelanten en desarrollo del caso.<\/p>\n\n\n\n<figure class=\"wp-block-image size-full\"><img loading=\"lazy\" decoding=\"async\" width=\"650\" height=\"488\" src=\"https:\/\/radiosurcolombiana.com\/wp\/wp-content\/uploads\/2023\/08\/WhatsApp-Image-2023-08-05-at-4.01.43-PM-2.jpeg\" alt=\"\" class=\"wp-image-2940\" srcset=\"https:\/\/radiosurcolombiana.com\/wp\/wp-content\/uploads\/2023\/08\/WhatsApp-Image-2023-08-05-at-4.01.43-PM-2.jpeg 650w, https:\/\/radiosurcolombiana.com\/wp\/wp-content\/uploads\/2023\/08\/WhatsApp-Image-2023-08-05-at-4.01.43-PM-2-300x225.jpeg 300w\" sizes=\"auto, (max-width: 650px) 100vw, 650px\" \/><\/figure>\n\n\n\n<p>El organismo menciona que Tuvo conocimiento de la denuncia presentada ante Comisi\u00f3n de Investigaci\u00f3n y Acusaci\u00f3n de la C\u00e1mara de Representantes, por parte del Senador de la Rep\u00fablica, Jonathan Ferney Pulido Hern\u00e1ndez, por las declaraciones realizadas por Nicol\u00e1s Petro, frente al presunto ingreso de dineros irregulares a la campa\u00f1a presidencial Petro Presidente 2022<\/p>\n\n\n\n<p>El funcionario ser\u00e1 el encargado de actuar sobre el proceso que avance por la denuncia que present\u00f3 el senador Jota Pe Hern\u00e1ndez contra el mandatario por las declaraciones que dio Nicol\u00e1s Petro durante la audiencia de solicitud de medida de aseguramiento.<\/p>\n","protected":false},"excerpt":{"rendered":"<p>La procuradora general Margarita Cabello Blanco design\u00f3 al procurador tercero delegado para la investigaci\u00f3n y juzgamiento penal, en el proceso que adelante la Comisi\u00f3n de Investigaci\u00f3n y Acusaci\u00f3n de la&hellip; <\/p>\n","protected":false},"author":2,"featured_media":2939,"comment_status":"closed","ping_status":"open","sticky":false,"template":"","format":"standard","meta":{"_joinchat":[],"footnotes":""},"categories":[1],"tags":[34],"class_list":["post-2937","post","type-post","status-publish","format-standard","has-post-thumbnail","hentry","category-politica","tag-politica"],"_links":{"self":[{"href":"https:\/\/radiosurcolombiana.com\/wp\/wp-json\/wp\/v2\/posts\/2937","targetHints":{"allow":["GET"]}}],"collection":[{"href":"https:\/\/radiosurcolombiana.com\/wp\/wp-json\/wp\/v2\/posts"}],"about":[{"href":"https:\/\/radiosurcolombiana.com\/wp\/wp-json\/wp\/v2\/types\/post"}],"author":[{"embeddable":true,"href":"https:\/\/radiosurcolombiana.com\/wp\/wp-json\/wp\/v2\/users\/2"}],"replies":[{"embeddable":true,"href":"https:\/\/radiosurcolombiana.com\/wp\/wp-json\/wp\/v2\/comments?post=2937"}],"version-history":[{"count":1,"href":"https:\/\/radiosurcolombiana.com\/wp\/wp-json\/wp\/v2\/posts\/2937\/revisions"}],"predecessor-version":[{"id":2941,"href":"https:\/\/radiosurcolombiana.com\/wp\/wp-json\/wp\/v2\/posts\/2937\/revisions\/2941"}],"wp:featuredmedia":[{"embeddable":true,"href":"https:\/\/radiosurcolombiana.com\/wp\/wp-json\/wp\/v2\/media\/2939"}],"wp:attachment":[{"href":"https:\/\/radiosurcolombiana.com\/wp\/wp-json\/wp\/v2\/media?parent=2937"}],"wp:term":[{"taxonomy":"category","embeddable":true,"href":"https:\/\/radiosurcolombiana.com\/wp\/wp-json\/wp\/v2\/categories?post=2937"},{"taxonomy":"post_tag","embeddable":true,"href":"https:\/\/radiosurcolombiana.com\/wp\/wp-json\/wp\/v2\/tags?post=2937"}],"curies":[{"name":"wp","href":"https:\/\/api.w.org\/{rel}","templated":true}]}}