{"id":2948,"date":"2023-08-05T16:11:41","date_gmt":"2023-08-05T21:11:41","guid":{"rendered":"https:\/\/radiosurcolombiana.com\/wp\/?p=2948"},"modified":"2023-08-05T16:11:42","modified_gmt":"2023-08-05T21:11:42","slug":"dos-actos-indignantes-la-violo-y-la-prostituyo","status":"publish","type":"post","link":"https:\/\/radiosurcolombiana.com\/wp\/dos-actos-indignantes-la-violo-y-la-prostituyo\/","title":{"rendered":"Dos actos indignantes, la violo y la prostituyo"},"content":{"rendered":"\n<figure class=\"wp-block-image size-full is-resized\"><img loading=\"lazy\" decoding=\"async\" src=\"https:\/\/radiosurcolombiana.com\/wp\/wp-content\/uploads\/2023\/08\/WhatsApp-Image-2023-08-05-at-4.10.10-PM-1.jpeg\" alt=\"\" class=\"wp-image-2949\" width=\"795\" height=\"437\" srcset=\"https:\/\/radiosurcolombiana.com\/wp\/wp-content\/uploads\/2023\/08\/WhatsApp-Image-2023-08-05-at-4.10.10-PM-1.jpeg 728w, https:\/\/radiosurcolombiana.com\/wp\/wp-content\/uploads\/2023\/08\/WhatsApp-Image-2023-08-05-at-4.10.10-PM-1-300x165.jpeg 300w\" sizes=\"auto, (max-width: 795px) 100vw, 795px\" \/><\/figure>\n\n\n\n<p>Una adolescente de 17 a\u00f1os fue v\u00edctima, al parecer, del hombre que trae su propia sangre, quien, sin pudor alguno, la accedi\u00f3 carnalmente y adem\u00e1s la oblig\u00f3 a que sostuviera relaciones sexuales con sus amigos a cambio de dinero. Las autoridades de la capital del Huila, est\u00e1n investigando sobre este nuevo caso que es repudiado en el sur de la localidad.<\/p>\n\n\n\n<p>Ocurri\u00f3 en el centro habitacional IV Centenario. All\u00ed la se\u00f1orita puso en conocimiento de la Polic\u00eda, que hab\u00eda sido violada por su progenitor desde que ten\u00eda 11 a\u00f1os de edad. Es decir, fueron seis a\u00f1os en los que supuestamente el sujeto la someti\u00f3 a los vej\u00e1menes sexuales.<\/p>\n\n\n\n<p>El indiciado, adem\u00e1s ten\u00eda amenazada con matar a su mam\u00e1 y a su hermana si le comentaba a alguien sobre la tormentosa vida que estaba sufriendo en su hogar. Todo inici\u00f3 en el a\u00f1o 2016 cuando el desvergonzado entr\u00f3 a la habitaci\u00f3n de la ni\u00f1a cuando ten\u00eda once a\u00f1os y la penetr\u00f3. En ese momento le asegur\u00f3 que si contaba algo iba a matar a su mam\u00e1 y a su hermana, por lo que ella tuvo que callar por varios a\u00f1os.<\/p>\n\n\n\n<figure class=\"wp-block-image size-full\"><img loading=\"lazy\" decoding=\"async\" width=\"360\" height=\"270\" src=\"https:\/\/radiosurcolombiana.com\/wp\/wp-content\/uploads\/2023\/08\/WhatsApp-Image-2023-08-05-at-4.10.10-PM.jpeg\" alt=\"\" class=\"wp-image-2950\" srcset=\"https:\/\/radiosurcolombiana.com\/wp\/wp-content\/uploads\/2023\/08\/WhatsApp-Image-2023-08-05-at-4.10.10-PM.jpeg 360w, https:\/\/radiosurcolombiana.com\/wp\/wp-content\/uploads\/2023\/08\/WhatsApp-Image-2023-08-05-at-4.10.10-PM-300x225.jpeg 300w\" sizes=\"auto, (max-width: 360px) 100vw, 360px\" \/><\/figure>\n\n\n\n<p>Entre los antecedentes, se supo que el se\u00f1or \u201cla vendi\u00f3\u201d (la prostituy\u00f3) a tres hombres, a quienes les puso a cada uno, diferentes citas en una residencia para que la violaran. A cambio de estas acciones, los individuos le pagaban al pap\u00e1 de la menor por los supuestos servicios sexuales.<\/p>\n\n\n\n<p>Las autoridades ya tienen en conocimiento lo sucedido por lo que se encuentran adelantando las acciones tendientes a confirmar los aberrantes actos para judicializar al responsable. Lo preocupante es que el implicado sigue gozando de su libertad.<\/p>\n","protected":false},"excerpt":{"rendered":"<p>Una adolescente de 17 a\u00f1os fue v\u00edctima, al parecer, del hombre que trae su propia sangre, quien, sin pudor alguno, la accedi\u00f3 carnalmente y adem\u00e1s la oblig\u00f3 a que sostuviera&hellip; <\/p>\n","protected":false},"author":2,"featured_media":2950,"comment_status":"closed","ping_status":"open","sticky":false,"template":"","format":"standard","meta":{"_joinchat":[],"footnotes":""},"categories":[5],"tags":[32],"class_list":["post-2948","post","type-post","status-publish","format-standard","has-post-thumbnail","hentry","category-actualidad","tag-actualidad"],"_links":{"self":[{"href":"https:\/\/radiosurcolombiana.com\/wp\/wp-json\/wp\/v2\/posts\/2948","targetHints":{"allow":["GET"]}}],"collection":[{"href":"https:\/\/radiosurcolombiana.com\/wp\/wp-json\/wp\/v2\/posts"}],"about":[{"href":"https:\/\/radiosurcolombiana.com\/wp\/wp-json\/wp\/v2\/types\/post"}],"author":[{"embeddable":true,"href":"https:\/\/radiosurcolombiana.com\/wp\/wp-json\/wp\/v2\/users\/2"}],"replies":[{"embeddable":true,"href":"https:\/\/radiosurcolombiana.com\/wp\/wp-json\/wp\/v2\/comments?post=2948"}],"version-history":[{"count":1,"href":"https:\/\/radiosurcolombiana.com\/wp\/wp-json\/wp\/v2\/posts\/2948\/revisions"}],"predecessor-version":[{"id":2951,"href":"https:\/\/radiosurcolombiana.com\/wp\/wp-json\/wp\/v2\/posts\/2948\/revisions\/2951"}],"wp:featuredmedia":[{"embeddable":true,"href":"https:\/\/radiosurcolombiana.com\/wp\/wp-json\/wp\/v2\/media\/2950"}],"wp:attachment":[{"href":"https:\/\/radiosurcolombiana.com\/wp\/wp-json\/wp\/v2\/media?parent=2948"}],"wp:term":[{"taxonomy":"category","embeddable":true,"href":"https:\/\/radiosurcolombiana.com\/wp\/wp-json\/wp\/v2\/categories?post=2948"},{"taxonomy":"post_tag","embeddable":true,"href":"https:\/\/radiosurcolombiana.com\/wp\/wp-json\/wp\/v2\/tags?post=2948"}],"curies":[{"name":"wp","href":"https:\/\/api.w.org\/{rel}","templated":true}]}}