{"id":3515,"date":"2023-08-24T10:24:07","date_gmt":"2023-08-24T15:24:07","guid":{"rendered":"https:\/\/radiosurcolombiana.com\/wp\/?p=3515"},"modified":"2023-08-24T11:21:07","modified_gmt":"2023-08-24T16:21:07","slug":"lanza-explosivo-en-una-bomba-de-gasolina-en-hobo","status":"publish","type":"post","link":"https:\/\/radiosurcolombiana.com\/wp\/lanza-explosivo-en-una-bomba-de-gasolina-en-hobo\/","title":{"rendered":"Lanzan explosivo en estaci\u00f3n de servicio de Hobo"},"content":{"rendered":"\n<p>Contin\u00faan los hechos de violencia en el departamento del Huila, en este caso una bomba de gasolina del municipio de Hobo en horas de la madrugada del d\u00eda de hoy.<\/p>\n\n\n\n<figure class=\"wp-block-image size-large\"><img loading=\"lazy\" decoding=\"async\" width=\"1024\" height=\"576\" src=\"https:\/\/radiosurcolombiana.com\/wp\/wp-content\/uploads\/2023\/08\/BOMBA-TERPEL-JAMUNDI-1-1024x576.jpg\" alt=\"\" class=\"wp-image-3517\" srcset=\"https:\/\/radiosurcolombiana.com\/wp\/wp-content\/uploads\/2023\/08\/BOMBA-TERPEL-JAMUNDI-1-1024x576.jpg 1024w, https:\/\/radiosurcolombiana.com\/wp\/wp-content\/uploads\/2023\/08\/BOMBA-TERPEL-JAMUNDI-1-300x169.jpg 300w, https:\/\/radiosurcolombiana.com\/wp\/wp-content\/uploads\/2023\/08\/BOMBA-TERPEL-JAMUNDI-1-768x432.jpg 768w, https:\/\/radiosurcolombiana.com\/wp\/wp-content\/uploads\/2023\/08\/BOMBA-TERPEL-JAMUNDI-1.jpg 1366w\" sizes=\"auto, (max-width: 1024px) 100vw, 1024px\" \/><\/figure>\n\n\n\n<p>Este acto violento afortunadamente no cobro vidas,  pero si da\u00f1os materiales, e infraestructuras cabe resaltar que anteriormente los atentados en las estaciones de servicio hab\u00edan sucedido en otros municipios, seg\u00fan informacion preliminar este hecho delictivo se suma a las serie de extorsiones recibidas por parte de grupos del margen de la ley el departamento de la Polic\u00eda no se ha pronunciado ante lo ocurrido, tampoco se conoce los responsables del acto violento.<\/p>\n\n\n\n<p>La comunidad espera que la violencia que se ha venido presentando \u00faltimamente en el Pa\u00eds en no contin\u00faen y sean las autoridades competentes quienes ayuden a esclarecer el caso presentado el d\u00eda de hoy.<\/p>\n","protected":false},"excerpt":{"rendered":"<p>Contin\u00faan los hechos de violencia en el departamento del Huila, en este caso una bomba de gasolina del municipio de Hobo en horas de la madrugada del d\u00eda de hoy.&hellip; <\/p>\n","protected":false},"author":2,"featured_media":3517,"comment_status":"closed","ping_status":"open","sticky":false,"template":"","format":"standard","meta":{"_joinchat":[],"footnotes":""},"categories":[5],"tags":[32],"class_list":["post-3515","post","type-post","status-publish","format-standard","has-post-thumbnail","hentry","category-actualidad","tag-actualidad"],"_links":{"self":[{"href":"https:\/\/radiosurcolombiana.com\/wp\/wp-json\/wp\/v2\/posts\/3515","targetHints":{"allow":["GET"]}}],"collection":[{"href":"https:\/\/radiosurcolombiana.com\/wp\/wp-json\/wp\/v2\/posts"}],"about":[{"href":"https:\/\/radiosurcolombiana.com\/wp\/wp-json\/wp\/v2\/types\/post"}],"author":[{"embeddable":true,"href":"https:\/\/radiosurcolombiana.com\/wp\/wp-json\/wp\/v2\/users\/2"}],"replies":[{"embeddable":true,"href":"https:\/\/radiosurcolombiana.com\/wp\/wp-json\/wp\/v2\/comments?post=3515"}],"version-history":[{"count":3,"href":"https:\/\/radiosurcolombiana.com\/wp\/wp-json\/wp\/v2\/posts\/3515\/revisions"}],"predecessor-version":[{"id":3535,"href":"https:\/\/radiosurcolombiana.com\/wp\/wp-json\/wp\/v2\/posts\/3515\/revisions\/3535"}],"wp:featuredmedia":[{"embeddable":true,"href":"https:\/\/radiosurcolombiana.com\/wp\/wp-json\/wp\/v2\/media\/3517"}],"wp:attachment":[{"href":"https:\/\/radiosurcolombiana.com\/wp\/wp-json\/wp\/v2\/media?parent=3515"}],"wp:term":[{"taxonomy":"category","embeddable":true,"href":"https:\/\/radiosurcolombiana.com\/wp\/wp-json\/wp\/v2\/categories?post=3515"},{"taxonomy":"post_tag","embeddable":true,"href":"https:\/\/radiosurcolombiana.com\/wp\/wp-json\/wp\/v2\/tags?post=3515"}],"curies":[{"name":"wp","href":"https:\/\/api.w.org\/{rel}","templated":true}]}}