{"id":3673,"date":"2023-08-29T08:36:36","date_gmt":"2023-08-29T13:36:36","guid":{"rendered":"https:\/\/radiosurcolombiana.com\/wp\/?p=3673"},"modified":"2023-08-29T08:50:58","modified_gmt":"2023-08-29T13:50:58","slug":"asesinaron-a-mujer-en-campoalegre","status":"publish","type":"post","link":"https:\/\/radiosurcolombiana.com\/wp\/asesinaron-a-mujer-en-campoalegre\/","title":{"rendered":"Asesinada mujer en Campoalegre"},"content":{"rendered":"\n<p>El pasado domingo siendo las 11:20 p.m se registro el ataque a dos mujeres del municipio de Campoalegre.<\/p>\n\n\n\n<p>Karla Ximena Dussan Cardenas se encontraba junto a su amiga Karen Dayana Walteros en el barrio Alfonso L\u00f3pez consumiendo sustancias psicoactivas cuando fueron interceptadas, al lugar se acercaron dos personas en una motocicleta, el parillero saco el arma y empez\u00f3 a dispararles, Karla  se encontraba mas grave que su amiga y fue llevaba al Hospital El Rosario del Campoalegre, los m\u00e9dicos hicieron todo lo posible para salvar la vida de la joven pero no fue posible.<\/p>\n\n\n\n<p> Mientras que su amiga tuvo la fortuna de quedar viva y fuera de peligro, Duss\u00e1n era madre de dos ni\u00f1os que hoy quedan hu\u00e9rfanos. Se tiene informacion de que la victima contaba con antecedentes judiciales por manejo de estupefacientes, no se conoce la razones del crimen pero sin embargo las autoridades hablan de una posible hip\u00f3tesis que podr\u00eda ser un ajuste de cuentas, las autoridades competentes se encuentran en investigaci\u00f3n frente al caso para esclarecer los hechos del vil asesinato.<\/p>\n\n\n\n<figure class=\"wp-block-image size-full\"><img loading=\"lazy\" decoding=\"async\" width=\"700\" height=\"466\" src=\"https:\/\/radiosurcolombiana.com\/wp\/wp-content\/uploads\/2023\/08\/dfaba100-8349-4f00-bce0-1b389ece2de9-1.jpg\" alt=\"\" class=\"wp-image-3679\" srcset=\"https:\/\/radiosurcolombiana.com\/wp\/wp-content\/uploads\/2023\/08\/dfaba100-8349-4f00-bce0-1b389ece2de9-1.jpg 700w, https:\/\/radiosurcolombiana.com\/wp\/wp-content\/uploads\/2023\/08\/dfaba100-8349-4f00-bce0-1b389ece2de9-1-300x200.jpg 300w\" sizes=\"auto, (max-width: 700px) 100vw, 700px\" \/><\/figure>\n\n\n\n<p>Los asesinatos por diversas razones que se vienen presentando en el departamento del Huila son preocupantes, se puede decir que todos los d\u00edas hay un caso de asesinato. Se les desea mucha fortaleza a la familia para el dif\u00edcil duelo.<\/p>\n","protected":false},"excerpt":{"rendered":"<p>El pasado domingo siendo las 11:20 p.m se registro el ataque a dos mujeres del municipio de Campoalegre. Karla Ximena Dussan Cardenas se encontraba junto a su amiga Karen Dayana&hellip; <\/p>\n","protected":false},"author":2,"featured_media":3678,"comment_status":"closed","ping_status":"open","sticky":false,"template":"","format":"standard","meta":{"_joinchat":[],"footnotes":""},"categories":[5],"tags":[32],"class_list":["post-3673","post","type-post","status-publish","format-standard","has-post-thumbnail","hentry","category-actualidad","tag-actualidad"],"_links":{"self":[{"href":"https:\/\/radiosurcolombiana.com\/wp\/wp-json\/wp\/v2\/posts\/3673","targetHints":{"allow":["GET"]}}],"collection":[{"href":"https:\/\/radiosurcolombiana.com\/wp\/wp-json\/wp\/v2\/posts"}],"about":[{"href":"https:\/\/radiosurcolombiana.com\/wp\/wp-json\/wp\/v2\/types\/post"}],"author":[{"embeddable":true,"href":"https:\/\/radiosurcolombiana.com\/wp\/wp-json\/wp\/v2\/users\/2"}],"replies":[{"embeddable":true,"href":"https:\/\/radiosurcolombiana.com\/wp\/wp-json\/wp\/v2\/comments?post=3673"}],"version-history":[{"count":2,"href":"https:\/\/radiosurcolombiana.com\/wp\/wp-json\/wp\/v2\/posts\/3673\/revisions"}],"predecessor-version":[{"id":3683,"href":"https:\/\/radiosurcolombiana.com\/wp\/wp-json\/wp\/v2\/posts\/3673\/revisions\/3683"}],"wp:featuredmedia":[{"embeddable":true,"href":"https:\/\/radiosurcolombiana.com\/wp\/wp-json\/wp\/v2\/media\/3678"}],"wp:attachment":[{"href":"https:\/\/radiosurcolombiana.com\/wp\/wp-json\/wp\/v2\/media?parent=3673"}],"wp:term":[{"taxonomy":"category","embeddable":true,"href":"https:\/\/radiosurcolombiana.com\/wp\/wp-json\/wp\/v2\/categories?post=3673"},{"taxonomy":"post_tag","embeddable":true,"href":"https:\/\/radiosurcolombiana.com\/wp\/wp-json\/wp\/v2\/tags?post=3673"}],"curies":[{"name":"wp","href":"https:\/\/api.w.org\/{rel}","templated":true}]}}