{"id":3702,"date":"2023-08-29T10:27:38","date_gmt":"2023-08-29T15:27:38","guid":{"rendered":"https:\/\/radiosurcolombiana.com\/wp\/?p=3702"},"modified":"2023-08-29T11:28:28","modified_gmt":"2023-08-29T16:28:28","slug":"pereira-busca-hacer-historia-en-saol-paulo","status":"publish","type":"post","link":"https:\/\/radiosurcolombiana.com\/wp\/pereira-busca-hacer-historia-en-saol-paulo\/","title":{"rendered":"Deportivo Pereira Buscara Hacer Historia en Brasil"},"content":{"rendered":"\n<p class=\"wp-block-paragraph\">Desde las 7:30 p.m se podr\u00e1 evidenciar el partido y sera transmitido para Colombia por el canal ESPN, el cual encuentra disponible en todos los cableoperadores,  y en Sao Paulo a las 9:30 p.m,cabe resaltar que el partido tambi\u00e9n podr\u00e1 ser visto de forma online, esta semana sera definidos los cuartos de final de la copa libertadora 2023, el \u00fanico equipo colombiano en la competencia es el equipo Deportivo Pereira, el cual visitara al equipo Palmeiras en Sao Paulo, en la serie va ganado los brasile\u00f1os con una marcaci\u00f3n de 4 -0 y al parecer est\u00e1n clasificados a los semifinales y son dirigidos por Alejandro Restrepo.<\/p>\n\n\n\n<p class=\"wp-block-paragraph\">El ganador de los cuartos entre deportivo  Pereira y Palmeiras tendr\u00e1 que enfrentarse al vencedor de Racing y Boca junior, el partido se jugara el mismo d\u00eda y con el mismo horarios, a las instalaciones de la copa libertadores llego el gran Mateca\u00f1a con el proyecto de continuar avanzando en el torneo, pero no esperaba encontrarse con la sorpresa ante un fuerte Palmeiras que lo goleo, la diferencia es de cuatro goles.<\/p>\n\n\n\n<figure class=\"wp-block-image size-full is-resized\"><img loading=\"lazy\" decoding=\"async\" src=\"https:\/\/radiosurcolombiana.com\/wp\/wp-content\/uploads\/2023\/08\/WhatsApp-Image-2023-08-29-at-10.22.06.jpeg\" alt=\"\" class=\"wp-image-3705\" style=\"width:816px;height:459px\" width=\"816\" height=\"459\" srcset=\"https:\/\/radiosurcolombiana.com\/wp\/wp-content\/uploads\/2023\/08\/WhatsApp-Image-2023-08-29-at-10.22.06.jpeg 644w, https:\/\/radiosurcolombiana.com\/wp\/wp-content\/uploads\/2023\/08\/WhatsApp-Image-2023-08-29-at-10.22.06-300x169.jpeg 300w\" sizes=\"auto, (max-width: 816px) 100vw, 816px\" \/><\/figure>\n\n\n\n<p class=\"wp-block-paragraph\">Deportivo Pereira:<strong> <\/strong>A. Quintana; E. Moreno, C. Garc\u00e9s, J. Quintero, C. Ram\u00edrez, J. Fory; J. Zuluaga, J. V\u00e1squez, M. Medina; A. Rodr\u00edguez, A. Rodriguez<\/p>\n\n\n\n<p class=\"wp-block-paragraph\">Palmeiras<strong>: <\/strong>Weverton; M. Rocha, G. G\u00f3mez, Murilo, J. Piquerez; G. Menino, Z\u00e9 Rafael; Mayke, R. Veiga, Dudu; Roni<\/p>\n\n\n\n<p class=\"wp-block-paragraph\">\u00a1\u00c9xitos y bendiciones para los equipos!<\/p>\n","protected":false},"excerpt":{"rendered":"<p>Desde las 7:30 p.m se podr\u00e1 evidenciar el partido y sera transmitido para Colombia por el canal ESPN, el cual encuentra disponible en todos los cableoperadores, y en Sao Paulo&hellip; <\/p>\n","protected":false},"author":2,"featured_media":3706,"comment_status":"closed","ping_status":"open","sticky":false,"template":"","format":"standard","meta":{"_joinchat":[],"footnotes":""},"categories":[4],"tags":[21],"class_list":["post-3702","post","type-post","status-publish","format-standard","has-post-thumbnail","hentry","category-deportes","tag-deportes"],"_links":{"self":[{"href":"https:\/\/radiosurcolombiana.com\/wp\/wp-json\/wp\/v2\/posts\/3702","targetHints":{"allow":["GET"]}}],"collection":[{"href":"https:\/\/radiosurcolombiana.com\/wp\/wp-json\/wp\/v2\/posts"}],"about":[{"href":"https:\/\/radiosurcolombiana.com\/wp\/wp-json\/wp\/v2\/types\/post"}],"author":[{"embeddable":true,"href":"https:\/\/radiosurcolombiana.com\/wp\/wp-json\/wp\/v2\/users\/2"}],"replies":[{"embeddable":true,"href":"https:\/\/radiosurcolombiana.com\/wp\/wp-json\/wp\/v2\/comments?post=3702"}],"version-history":[{"count":3,"href":"https:\/\/radiosurcolombiana.com\/wp\/wp-json\/wp\/v2\/posts\/3702\/revisions"}],"predecessor-version":[{"id":3724,"href":"https:\/\/radiosurcolombiana.com\/wp\/wp-json\/wp\/v2\/posts\/3702\/revisions\/3724"}],"wp:featuredmedia":[{"embeddable":true,"href":"https:\/\/radiosurcolombiana.com\/wp\/wp-json\/wp\/v2\/media\/3706"}],"wp:attachment":[{"href":"https:\/\/radiosurcolombiana.com\/wp\/wp-json\/wp\/v2\/media?parent=3702"}],"wp:term":[{"taxonomy":"category","embeddable":true,"href":"https:\/\/radiosurcolombiana.com\/wp\/wp-json\/wp\/v2\/categories?post=3702"},{"taxonomy":"post_tag","embeddable":true,"href":"https:\/\/radiosurcolombiana.com\/wp\/wp-json\/wp\/v2\/tags?post=3702"}],"curies":[{"name":"wp","href":"https:\/\/api.w.org\/{rel}","templated":true}]}}