{"id":3882,"date":"2023-09-04T10:54:29","date_gmt":"2023-09-04T15:54:29","guid":{"rendered":"https:\/\/radiosurcolombiana.com\/wp\/?p=3882"},"modified":"2023-09-04T11:22:50","modified_gmt":"2023-09-04T16:22:50","slug":"no-sobrevivio-ante-un-atraco","status":"publish","type":"post","link":"https:\/\/radiosurcolombiana.com\/wp\/no-sobrevivio-ante-un-atraco\/","title":{"rendered":"Inseguridad cobra otra vida"},"content":{"rendered":"\n<p class=\"wp-block-paragraph\"> La inseguridad ante la delincuencia que vive en departamento del huila y en el pa\u00eds crece cada d\u00eda mas y en ocasiones es el resultado final a las vidas de las ciudadanos, el joven Dj Esteban Nieto fue victima de un atraco en donde fue gravemente herido tras recibir disparos que afectaron su abdomen. <\/p>\n\n\n\n<p class=\"wp-block-paragraph\">El pasado 19 de agosto del a\u00f1o presente el joven llego en horas de la madrugada a su lugar de descanso en compa\u00f1\u00eda de su amigo Oscar Chara en su servicio de motocarro, al parecer en el justo momento dos sujetos se acercaron al lugar quienes los robaron e intimidaron con un arma, en ese instante uno de los ladrones le dispara al Dj Esteban Nieto a la altura de su estomago.<\/p>\n\n\n\n<p class=\"wp-block-paragraph\">su amigo tambi\u00e9n resulto herido pero no fue tan grave a diferencia del joven Dj quien estuvo 14 d\u00edas en cuidados intensivos debido a lo grave que se encontraba, lastimosamente no resisti\u00f3 y falleci\u00f3, una fuente oficial expreso; &#8220;El paciente fue trasladado el s\u00e1bado 2 de septiembre a un centro asistencial de Neiva, para seguir con su recuperaci\u00f3n, pero lastimosamente en la ma\u00f1ana del domingo falleci\u00f3&#8221;.<\/p>\n\n\n\n<figure class=\"wp-block-image size-full\"><img loading=\"lazy\" decoding=\"async\" width=\"716\" height=\"477\" src=\"https:\/\/radiosurcolombiana.com\/wp\/wp-content\/uploads\/2023\/09\/hurto-bucaramanga-herido_8009333_20230218160102.jpg\" alt=\"\" class=\"wp-image-3883\" srcset=\"https:\/\/radiosurcolombiana.com\/wp\/wp-content\/uploads\/2023\/09\/hurto-bucaramanga-herido_8009333_20230218160102.jpg 716w, https:\/\/radiosurcolombiana.com\/wp\/wp-content\/uploads\/2023\/09\/hurto-bucaramanga-herido_8009333_20230218160102-300x200.jpg 300w\" sizes=\"auto, (max-width: 716px) 100vw, 716px\" \/><\/figure>\n\n\n\n<p class=\"wp-block-paragraph\">El hoy occiso era oriundo del municipio de Pitalito, la comunidad se encontrar consternados frente a la muerte del joven y rechazan este tipo de actos, aunque el hecho quedo registrado en c\u00e1maras de seguridad los entes de investigaci\u00f3n no han hecho presencia para dar con el paradero de los responsables; personas allegadas a la familia del joven dan sus mas sinceras condolencias y expresa; &#8220;Es inevitable no estar triste, arrebataron la vida a un hijo, hermano, esposo, primo, amigo, sobrino que ten\u00eda muchos sue\u00f1os por cumplir, el sue\u00f1o de ver nacer su hija. Duele mucho la partida de Esteban, un hombre con un buen coraz\u00f3n, humilde, trabajador. Le pido a Dios mucha fortaleza para todos los que lo conocimos y dej\u00f3 huella en cada uno. Su mamita mucha fortaleza, siento tanta tristeza que una persona como Esteban Nieto, haya tenido que vivir este episodio por cuenta de la delincuencia. Lo m\u00e1s triste es que su familia tenga que sufrir este lamentable hecho. No solamente acabaron con la vida de un ser maravilloso, sino que derrumbaron a toda una familia. Siento indignaci\u00f3n, tristeza y dolor&#8221;.<\/p>\n\n\n\n<p class=\"wp-block-paragraph\">Su amigo Oscar quien tambi\u00e9n fue victima del atraco comento; &#8220;Esteban usted siempre estuvo ah\u00ed conmigo en las buenas y malas y me ense\u00f1aste a ser fuerte, a enfrentar las cosas duras, pero no fue capaz de ense\u00f1arme a aguantar el d\u00eda que usted no estuviera, m\u00e1s de 10 a\u00f1os de amistad casi siempre juntos y la vida hoy nos separa, solo me queda tenerte en mi pensamiento, s\u00e9 que estas en un lugar mejor que estar en esta sociedad basura. No es justo mi amigo que te vayas sin despedirte, me dijiste en el hospital que estar\u00edamos bien, pero usted se me fue mi pana y ya no aguanto, me duele el alma, ay\u00fadame a ser fuerte por una \u00faltima vez por favor&#8221;.  La familia lamenta este vil acto que le arrebato la vida a su ser querido y esperan que las autoridades competentes logren identificar al responsable para que responda por sus actos.<\/p>\n","protected":false},"excerpt":{"rendered":"<p>La inseguridad ante la delincuencia que vive en departamento del huila y en el pa\u00eds crece cada d\u00eda mas y en ocasiones es el resultado final a las vidas de&hellip; <\/p>\n","protected":false},"author":2,"featured_media":3884,"comment_status":"closed","ping_status":"open","sticky":false,"template":"","format":"standard","meta":{"_joinchat":[],"footnotes":""},"categories":[5],"tags":[32],"class_list":["post-3882","post","type-post","status-publish","format-standard","has-post-thumbnail","hentry","category-actualidad","tag-actualidad"],"_links":{"self":[{"href":"https:\/\/radiosurcolombiana.com\/wp\/wp-json\/wp\/v2\/posts\/3882","targetHints":{"allow":["GET"]}}],"collection":[{"href":"https:\/\/radiosurcolombiana.com\/wp\/wp-json\/wp\/v2\/posts"}],"about":[{"href":"https:\/\/radiosurcolombiana.com\/wp\/wp-json\/wp\/v2\/types\/post"}],"author":[{"embeddable":true,"href":"https:\/\/radiosurcolombiana.com\/wp\/wp-json\/wp\/v2\/users\/2"}],"replies":[{"embeddable":true,"href":"https:\/\/radiosurcolombiana.com\/wp\/wp-json\/wp\/v2\/comments?post=3882"}],"version-history":[{"count":2,"href":"https:\/\/radiosurcolombiana.com\/wp\/wp-json\/wp\/v2\/posts\/3882\/revisions"}],"predecessor-version":[{"id":3888,"href":"https:\/\/radiosurcolombiana.com\/wp\/wp-json\/wp\/v2\/posts\/3882\/revisions\/3888"}],"wp:featuredmedia":[{"embeddable":true,"href":"https:\/\/radiosurcolombiana.com\/wp\/wp-json\/wp\/v2\/media\/3884"}],"wp:attachment":[{"href":"https:\/\/radiosurcolombiana.com\/wp\/wp-json\/wp\/v2\/media?parent=3882"}],"wp:term":[{"taxonomy":"category","embeddable":true,"href":"https:\/\/radiosurcolombiana.com\/wp\/wp-json\/wp\/v2\/categories?post=3882"},{"taxonomy":"post_tag","embeddable":true,"href":"https:\/\/radiosurcolombiana.com\/wp\/wp-json\/wp\/v2\/tags?post=3882"}],"curies":[{"name":"wp","href":"https:\/\/api.w.org\/{rel}","templated":true}]}}