{"id":4876,"date":"2023-09-29T03:43:00","date_gmt":"2023-09-29T08:43:00","guid":{"rendered":"https:\/\/radiosurcolombiana.com\/wp\/?p=4876"},"modified":"2023-09-29T10:39:20","modified_gmt":"2023-09-29T15:39:20","slug":"pae-en-el-huila-no-cuentan-con-mas-recursos-del-nivel-nacional","status":"publish","type":"post","link":"https:\/\/radiosurcolombiana.com\/wp\/pae-en-el-huila-no-cuentan-con-mas-recursos-del-nivel-nacional\/","title":{"rendered":"PAE en el Huila no cuentan con m\u00e1s recursos del nivel nacional"},"content":{"rendered":"\n<p class=\"wp-block-paragraph\">Aunque la Asamblea departamental ordeno modificar el Plan de Desarrollo para poder hacer uso del recurso de regal\u00edas a la financiaci\u00f3n del Programa de Alimentaci\u00f3n Escolar, el compromiso que hab\u00eda asumido el Ministerio la semana pasada, a\u00fan no se ha cumplido del todo.<\/p>\n\n\n\n<p class=\"wp-block-paragraph\">El faltante para financiar el PAE en el Huila hasta el 9 de noviembre de este a\u00f1o, cuando cesan operativamente las actividades y se cumplen los 180 d\u00edas calendario escolar que exige la norma, hasta el momento a\u00fan no se hace efectivo el giro de los mismos por parte de la UAPA, Unidad de Alimentos para Aprender.<\/p>\n\n\n\n<figure class=\"wp-block-image size-full\"><img loading=\"lazy\" decoding=\"async\" width=\"1024\" height=\"819\" src=\"https:\/\/radiosurcolombiana.com\/wp\/wp-content\/uploads\/2023\/09\/image-127.png\" alt=\"\" class=\"wp-image-4877\" srcset=\"https:\/\/radiosurcolombiana.com\/wp\/wp-content\/uploads\/2023\/09\/image-127.png 1024w, https:\/\/radiosurcolombiana.com\/wp\/wp-content\/uploads\/2023\/09\/image-127-300x240.png 300w, https:\/\/radiosurcolombiana.com\/wp\/wp-content\/uploads\/2023\/09\/image-127-768x614.png 768w\" sizes=\"auto, (max-width: 1024px) 100vw, 1024px\" \/><\/figure>\n\n\n\n<p class=\"wp-block-paragraph\">Seg\u00fan la Secretaria de Educaci\u00f3n del Huila, este jueves 28 de septiembre se logr\u00f3 conseguir el concepto de viabilidad del recurso de regal\u00edas para el programa de alimentaci\u00f3n escolar por parte del Ministerio de Educaci\u00f3n.\u201cSin embargo, hace falta la Resoluci\u00f3n de la UAPA asignando los recursos prometidos por el Ministerio al PAE Huila. Estamos en tiempo l\u00edmite con esta consecuci\u00f3n de recursos de un programa que hay que seguir aclarando, es de competencia nacional, pero que el gobierno Huila Crece se la ha jugado toda por apalancar recursos de regal\u00edas del departamento, para cumplirle a nuestros ni\u00f1os y ni\u00f1as en las instituciones educativas del territorio\u201d, afirm\u00f3 la jefe de esta cartera.<\/p>\n\n\n\n<p class=\"wp-block-paragraph\">\u201cEl prop\u00f3sito es seguir cumpli\u00e9ndole a los cerca de 119.000 ni\u00f1os, ni\u00f1as, adolescentes y j\u00f3venes que en promedio atendemos en los 35 municipios no certificados en educaci\u00f3n que nos compete como Departamento\u201d, concluy\u00f3.<\/p>\n\n\n\n<figure class=\"wp-block-image size-large\"><img loading=\"lazy\" decoding=\"async\" width=\"1024\" height=\"678\" src=\"https:\/\/radiosurcolombiana.com\/wp\/wp-content\/uploads\/2023\/09\/image-128-1024x678.png\" alt=\"\" class=\"wp-image-4878\" srcset=\"https:\/\/radiosurcolombiana.com\/wp\/wp-content\/uploads\/2023\/09\/image-128-1024x678.png 1024w, https:\/\/radiosurcolombiana.com\/wp\/wp-content\/uploads\/2023\/09\/image-128-300x199.png 300w, https:\/\/radiosurcolombiana.com\/wp\/wp-content\/uploads\/2023\/09\/image-128-768x508.png 768w, https:\/\/radiosurcolombiana.com\/wp\/wp-content\/uploads\/2023\/09\/image-128-1536x1017.png 1536w, https:\/\/radiosurcolombiana.com\/wp\/wp-content\/uploads\/2023\/09\/image-128.png 1600w\" sizes=\"auto, (max-width: 1024px) 100vw, 1024px\" \/><\/figure>\n\n\n\n<p class=\"wp-block-paragraph\">De acuerdo al \u00e1rea financiera del PAE Huila, estas ser\u00edan los municipios afectados debido a la falta de recursos para continuar con la prestaci\u00f3n del servicio: Altamira, El\u00edas, Isnos, Oporapa, Palestina, Saladoblanco, San Agust\u00edn, Tarqui, Acevedo, Agrado, Guadalupe, Pital, Suaza, Timan\u00e1, Algeciras, Garz\u00f3n, Gigante, Hobo, Iquira, La Argentina, La Plata, N\u00e1taga, Paicol, Teruel, Tesalia y Yaguar\u00e1, Aipe, Baraya, Campoalegre, Colombia, Palermo, Rivera, Santa Mar\u00eda, Tello y Villavieja.<\/p>\n","protected":false},"excerpt":{"rendered":"<p>Aunque la Asamblea departamental ordeno modificar el Plan de Desarrollo para poder hacer uso del recurso de regal\u00edas a la financiaci\u00f3n del Programa de Alimentaci\u00f3n Escolar, el compromiso que hab\u00eda&hellip; <\/p>\n","protected":false},"author":2,"featured_media":4879,"comment_status":"closed","ping_status":"open","sticky":false,"template":"","format":"standard","meta":{"_joinchat":[],"footnotes":""},"categories":[3],"tags":[33],"class_list":["post-4876","post","type-post","status-publish","format-standard","has-post-thumbnail","hentry","category-comunidad","tag-comunidad"],"_links":{"self":[{"href":"https:\/\/radiosurcolombiana.com\/wp\/wp-json\/wp\/v2\/posts\/4876","targetHints":{"allow":["GET"]}}],"collection":[{"href":"https:\/\/radiosurcolombiana.com\/wp\/wp-json\/wp\/v2\/posts"}],"about":[{"href":"https:\/\/radiosurcolombiana.com\/wp\/wp-json\/wp\/v2\/types\/post"}],"author":[{"embeddable":true,"href":"https:\/\/radiosurcolombiana.com\/wp\/wp-json\/wp\/v2\/users\/2"}],"replies":[{"embeddable":true,"href":"https:\/\/radiosurcolombiana.com\/wp\/wp-json\/wp\/v2\/comments?post=4876"}],"version-history":[{"count":1,"href":"https:\/\/radiosurcolombiana.com\/wp\/wp-json\/wp\/v2\/posts\/4876\/revisions"}],"predecessor-version":[{"id":4880,"href":"https:\/\/radiosurcolombiana.com\/wp\/wp-json\/wp\/v2\/posts\/4876\/revisions\/4880"}],"wp:featuredmedia":[{"embeddable":true,"href":"https:\/\/radiosurcolombiana.com\/wp\/wp-json\/wp\/v2\/media\/4879"}],"wp:attachment":[{"href":"https:\/\/radiosurcolombiana.com\/wp\/wp-json\/wp\/v2\/media?parent=4876"}],"wp:term":[{"taxonomy":"category","embeddable":true,"href":"https:\/\/radiosurcolombiana.com\/wp\/wp-json\/wp\/v2\/categories?post=4876"},{"taxonomy":"post_tag","embeddable":true,"href":"https:\/\/radiosurcolombiana.com\/wp\/wp-json\/wp\/v2\/tags?post=4876"}],"curies":[{"name":"wp","href":"https:\/\/api.w.org\/{rel}","templated":true}]}}