{"id":4900,"date":"2023-09-29T09:34:20","date_gmt":"2023-09-29T14:34:20","guid":{"rendered":"https:\/\/radiosurcolombiana.com\/wp\/?p=4900"},"modified":"2023-09-29T11:33:02","modified_gmt":"2023-09-29T16:33:02","slug":"julian-horta-deportista-huilense-del-ano","status":"publish","type":"post","link":"https:\/\/radiosurcolombiana.com\/wp\/julian-horta-deportista-huilense-del-ano\/","title":{"rendered":"Juli\u00e1n Horta deportista Huilense del a\u00f1o"},"content":{"rendered":"\n<p class=\"wp-block-paragraph\">Juli\u00e1n Steven Horta es el joven que esta dando de que hablar de forma positiva por su participaci\u00f3n, talento y  lucha grecorromana deporte que lo ha caracterizado. Aunque el deportista naci\u00f3 en el Caquet\u00e1, fue criado en Acevedo municipio del departamento del Huila. Juli\u00e1n tambi\u00e9n es destacado por clasificar a los juegos ol\u00edmpicos de Tokio al derrotar a Jolison de Brito Ramos Junior.<\/p>\n\n\n\n<figure class=\"wp-block-image size-full\"><img loading=\"lazy\" decoding=\"async\" width=\"1024\" height=\"682\" src=\"https:\/\/radiosurcolombiana.com\/wp\/wp-content\/uploads\/2023\/09\/image-138.png\" alt=\"\" class=\"wp-image-4903\" srcset=\"https:\/\/radiosurcolombiana.com\/wp\/wp-content\/uploads\/2023\/09\/image-138.png 1024w, https:\/\/radiosurcolombiana.com\/wp\/wp-content\/uploads\/2023\/09\/image-138-300x200.png 300w, https:\/\/radiosurcolombiana.com\/wp\/wp-content\/uploads\/2023\/09\/image-138-768x512.png 768w\" sizes=\"auto, (max-width: 1024px) 100vw, 1024px\" \/><\/figure>\n\n\n\n<p class=\"wp-block-paragraph\">El d\u00eda de ayer en un espacio dado en la Asamblea del Huila se dio paso a una ceremonia de entrega de incentivos econ\u00f3micos a los mejores deportistas del departamento del Huila en el a\u00f1o 2022, donde Juli\u00e1n Horta recibi\u00f3 una suma de 23 millones, reflejando felicidad por el reconocimiento que le hicieron. Cabe resaltar que el deportista opita supera a grandes deportistas como Daniela Mu\u00f1oz y Arbey Alarc\u00f3n. En lo largo del a\u00f1o 2022 Juli\u00e1n Horta logro para su amada Colombia el titulo de Campe\u00f3n en los juegos Panamericanos, triunfo que fue celebrado en Acapulco M\u00e9xico. El deportista tambi\u00e9n fue subcampe\u00f3n en los Juegos Centroamericanos que se llevo a cabo en Republica Dominicana. <\/p>\n\n\n\n<p class=\"wp-block-paragraph\">Frente al reconocimiento que recibi\u00f3 ayer expreso; &#8220;Quiero agradecer primero a Dios, a mi familia, a mis compa\u00f1eros y entrenadores. Sin ellos no fuese posible este nuevo reconocimiento. Siempre ser\u00e1 un orgullo representar a mi departamento a nivel nacional e internacional. Muy feliz y ahora toca seguir trabajando para seguir cosechando triunfos&#8221;. En el campeonato mundial Sub-23 en Pontevedra Espa\u00f1a termino ocupando el quinto lugar, y el puesto numero veinticuatro en el Mundial de lucha celebrado en Belgrado, Serbia.<\/p>\n\n\n\n<p class=\"wp-block-paragraph\">Cabe resaltar que en la ceremonia tambi\u00e9n se le hizo entrega de incentivos econ\u00f3micos para todos los deportistas que fueron medallistas en la final de los juegos Intercolegiados del a\u00f1o 2022. Las escuelas de formaci\u00f3n que fueron premiadas; Escuela de futbol Digar de Garz\u00f3n, Colegio Piaget de Neiva, centro de iniciaci\u00f3n de formaci\u00f3n Deportiva los Samaritanos de N\u00e1taga, escuela de formaci\u00f3n Deportiva de futbol Magareja de Neiva y Centro de iniciaci\u00f3n de formaci\u00f3n Deportiva Triunfadores.<\/p>\n","protected":false},"excerpt":{"rendered":"<p>Juli\u00e1n Steven Horta es el joven que esta dando de que hablar de forma positiva por su participaci\u00f3n, talento y lucha grecorromana deporte que lo ha caracterizado. Aunque el deportista&hellip; <\/p>\n","protected":false},"author":2,"featured_media":4901,"comment_status":"closed","ping_status":"open","sticky":false,"template":"","format":"standard","meta":{"_joinchat":[],"footnotes":""},"categories":[4],"tags":[21],"class_list":["post-4900","post","type-post","status-publish","format-standard","has-post-thumbnail","hentry","category-deportes","tag-deportes"],"_links":{"self":[{"href":"https:\/\/radiosurcolombiana.com\/wp\/wp-json\/wp\/v2\/posts\/4900","targetHints":{"allow":["GET"]}}],"collection":[{"href":"https:\/\/radiosurcolombiana.com\/wp\/wp-json\/wp\/v2\/posts"}],"about":[{"href":"https:\/\/radiosurcolombiana.com\/wp\/wp-json\/wp\/v2\/types\/post"}],"author":[{"embeddable":true,"href":"https:\/\/radiosurcolombiana.com\/wp\/wp-json\/wp\/v2\/users\/2"}],"replies":[{"embeddable":true,"href":"https:\/\/radiosurcolombiana.com\/wp\/wp-json\/wp\/v2\/comments?post=4900"}],"version-history":[{"count":1,"href":"https:\/\/radiosurcolombiana.com\/wp\/wp-json\/wp\/v2\/posts\/4900\/revisions"}],"predecessor-version":[{"id":4904,"href":"https:\/\/radiosurcolombiana.com\/wp\/wp-json\/wp\/v2\/posts\/4900\/revisions\/4904"}],"wp:featuredmedia":[{"embeddable":true,"href":"https:\/\/radiosurcolombiana.com\/wp\/wp-json\/wp\/v2\/media\/4901"}],"wp:attachment":[{"href":"https:\/\/radiosurcolombiana.com\/wp\/wp-json\/wp\/v2\/media?parent=4900"}],"wp:term":[{"taxonomy":"category","embeddable":true,"href":"https:\/\/radiosurcolombiana.com\/wp\/wp-json\/wp\/v2\/categories?post=4900"},{"taxonomy":"post_tag","embeddable":true,"href":"https:\/\/radiosurcolombiana.com\/wp\/wp-json\/wp\/v2\/tags?post=4900"}],"curies":[{"name":"wp","href":"https:\/\/api.w.org\/{rel}","templated":true}]}}