{"id":6069,"date":"2023-11-03T10:03:35","date_gmt":"2023-11-03T15:03:35","guid":{"rendered":"https:\/\/radiosurcolombiana.com\/wp\/?p=6069"},"modified":"2023-11-03T10:04:24","modified_gmt":"2023-11-03T15:04:24","slug":"mujer-capturada-por-violencia-intrafamiliar-en-neiva","status":"publish","type":"post","link":"https:\/\/radiosurcolombiana.com\/wp\/mujer-capturada-por-violencia-intrafamiliar-en-neiva\/","title":{"rendered":"Mujer capturada por violencia intrafamiliar en Neiva"},"content":{"rendered":"\n<p>Una mujer identificada como Nini Johana Sapuy Garc\u00eda de 42 fue condenada por violencia intrafamiliar agravada luego de ser detenida en la comuna nueve por las autoridades que se encontraban busc\u00e1ndola en la ciudad de Neiva, la hoy capturada tendr\u00e1 que pagar una sentencia aproximadamente de seis a\u00f1os por incurrir en el delito ya mencionado.<\/p>\n\n\n\n<figure class=\"wp-block-image size-large is-resized\"><img loading=\"lazy\" decoding=\"async\" width=\"1024\" height=\"576\" src=\"https:\/\/radiosurcolombiana.com\/wp\/wp-content\/uploads\/2023\/11\/image-36-1024x576.png\" alt=\"\" class=\"wp-image-6070\" style=\"aspect-ratio:1.7777777777777777;width:606px;height:auto\" srcset=\"https:\/\/radiosurcolombiana.com\/wp\/wp-content\/uploads\/2023\/11\/image-36-1024x576.png 1024w, https:\/\/radiosurcolombiana.com\/wp\/wp-content\/uploads\/2023\/11\/image-36-300x169.png 300w, https:\/\/radiosurcolombiana.com\/wp\/wp-content\/uploads\/2023\/11\/image-36-768x432.png 768w, https:\/\/radiosurcolombiana.com\/wp\/wp-content\/uploads\/2023\/11\/image-36.png 1280w\" sizes=\"auto, (max-width: 1024px) 100vw, 1024px\" \/><\/figure>\n\n\n\n<p>Al parecer la mujer fue detenida con una orden judicial, seg\u00fan fuente de informaci\u00f3n por el informe presentado por la Polic\u00eda Metropolitana de Neiva, Nini Johana fue detenida en la comuna nueve tras ser requerida por la Seccional de investigaci\u00f3n Criminal SIJIN, quienes llegaron hasta su vivienda para realizar la respectiva captura emitida por un juzgado local, al parecer la hoy capturada tendr\u00e1 que pagar una condena de 6 a\u00f1os por el acto indebido de violencia intrafamiliar agravada, luego de verificar el documento de Nini Johana Sapuy de forma inmediata fue llevada a la unidad de reacci\u00f3n inmediata para continuar con su proceso judicial.<\/p>\n\n\n\n<p>La mujer fue dejada a disposici\u00f3n de las autoridades competentes, quien ser\u00e1 trasladada a un centro penitenciario, la Polic\u00eda Nacional hace un llamado a la ciudadan\u00eda para que denuncien cualquier tipo de acto delictivo y violento que afecte y ponga en riesgo la integridad de la comunidad, de igual manera hacen la invitaci\u00f3n a no violentar a sus seres queridos y buscar la manera de solucionar los diferentes conflictos de la mejor manera posible.<\/p>\n","protected":false},"excerpt":{"rendered":"<p>Una mujer identificada como Nini Johana Sapuy Garc\u00eda de 42 fue condenada por violencia intrafamiliar agravada luego de ser detenida en la comuna nueve por las autoridades que se encontraban&hellip; <\/p>\n","protected":false},"author":2,"featured_media":6071,"comment_status":"closed","ping_status":"open","sticky":false,"template":"","format":"standard","meta":{"_joinchat":[],"footnotes":""},"categories":[5],"tags":[32],"class_list":["post-6069","post","type-post","status-publish","format-standard","has-post-thumbnail","hentry","category-actualidad","tag-actualidad"],"_links":{"self":[{"href":"https:\/\/radiosurcolombiana.com\/wp\/wp-json\/wp\/v2\/posts\/6069","targetHints":{"allow":["GET"]}}],"collection":[{"href":"https:\/\/radiosurcolombiana.com\/wp\/wp-json\/wp\/v2\/posts"}],"about":[{"href":"https:\/\/radiosurcolombiana.com\/wp\/wp-json\/wp\/v2\/types\/post"}],"author":[{"embeddable":true,"href":"https:\/\/radiosurcolombiana.com\/wp\/wp-json\/wp\/v2\/users\/2"}],"replies":[{"embeddable":true,"href":"https:\/\/radiosurcolombiana.com\/wp\/wp-json\/wp\/v2\/comments?post=6069"}],"version-history":[{"count":1,"href":"https:\/\/radiosurcolombiana.com\/wp\/wp-json\/wp\/v2\/posts\/6069\/revisions"}],"predecessor-version":[{"id":6072,"href":"https:\/\/radiosurcolombiana.com\/wp\/wp-json\/wp\/v2\/posts\/6069\/revisions\/6072"}],"wp:featuredmedia":[{"embeddable":true,"href":"https:\/\/radiosurcolombiana.com\/wp\/wp-json\/wp\/v2\/media\/6071"}],"wp:attachment":[{"href":"https:\/\/radiosurcolombiana.com\/wp\/wp-json\/wp\/v2\/media?parent=6069"}],"wp:term":[{"taxonomy":"category","embeddable":true,"href":"https:\/\/radiosurcolombiana.com\/wp\/wp-json\/wp\/v2\/categories?post=6069"},{"taxonomy":"post_tag","embeddable":true,"href":"https:\/\/radiosurcolombiana.com\/wp\/wp-json\/wp\/v2\/tags?post=6069"}],"curies":[{"name":"wp","href":"https:\/\/api.w.org\/{rel}","templated":true}]}}